{"id":4,"date":"2021-09-22T14:57:43","date_gmt":"2021-09-22T14:57:43","guid":{"rendered":"https:\/\/edublog.educastur.es\/aulasverdes\/?p=4"},"modified":"2022-02-24T13:15:07","modified_gmt":"2022-02-24T13:15:07","slug":"llega-el-otono","status":"publish","type":"post","link":"https:\/\/edublog.educastur.es\/aulasverdes\/2021\/09\/22\/llega-el-otono\/","title":{"rendered":"Llega el oto\u00f1o"},"content":{"rendered":"<h3><span style=\"font-family: arial, helvetica, sans-serif\"><strong>E<span style=\"font-family: arial, helvetica, sans-serif;font-size: 14pt\">l d\u00eda 22 de Septiembre<\/span><\/strong><span style=\"font-size: 14pt\"> empez\u00f3 el oto\u00f1o aqu\u00ed.<\/span><\/span><\/h3>\n<p><span style=\"font-family: arial, helvetica, sans-serif;font-size: 14pt\">Con la llegada del oto\u00f1o la naturaleza cambia, y nos muestra se\u00f1ales (se caen las hojas, salen setas, &#8230;) Te invitamos a que salgas fuera al jard\u00edn del colegio, al parque junto a tu casa o a la monta\u00f1a a descubrir como va cambiando la naturaleza. \u00bfTe has dado cuenta?.<\/span><\/p>\n<p><span style=\"font-family: arial, helvetica, sans-serif;font-size: 14pt\"><strong>\u00a1MUY INTERESANTE!:<\/strong> Sab\u00edas que como Espa\u00f1a est\u00e1 en el <span style=\"color: #008000\">hemisferio Norte<\/span> de nuestro planeta empieza este d\u00eda y en los pa\u00edses del <span style=\"color: #008000\">hemisferio Sur<\/span> es al rev\u00e9s.\u00a0<\/span><\/p>\n<p><span style=\"font-family: arial, helvetica, sans-serif;font-size: 14pt\">A continuaci\u00f3n os ense\u00f1amos unos ejemplos de <strong>manualidades del oto\u00f1o<\/strong> con material que podemos recoger de la naturaleza.\u00a0<\/span><\/p>\n<p><img loading=\"lazy\" decoding=\"async\" class=\"size-medium wp-image-571 aligncenter\" src=\"http:\/\/edublog.educastur.es\/aulasverdes\/files\/2021\/09\/manualidades-infantiles-hojas-300x300.jpg\" alt=\"\" width=\"300\" height=\"300\" \/><\/p>\n<p><span style=\"font-family: arial, helvetica, sans-serif\">RETO 1: BUSCA LAS SE\u00d1ALES DEL OTO\u00d1O EN TU ENTORNO.<\/span><\/p>\n<p><span style=\"font-family: arial, helvetica, sans-serif\">RETO 2: INVESTIGA LAS ESTACIONES DEL A\u00d1O EN OTROS PAISES DEL HEMISFERIO SUR.<\/span><\/p>\n","protected":false},"excerpt":{"rendered":"<p>El d\u00eda 22 de Septiembre empez\u00f3 el oto\u00f1o aqu\u00ed. Con la llegada del oto\u00f1o la naturaleza cambia, y nos muestra se\u00f1ales (se caen las hojas, salen setas, &#8230;) Te invitamos a que salgas fuera al jard\u00edn del colegio, al parque junto a tu casa o a la monta\u00f1a a descubrir como va cambiando la naturaleza. [&hellip;]<\/p>\n","protected":false},"author":917,"featured_media":0,"comment_status":"open","ping_status":"open","sticky":false,"template":"","format":"aside","meta":{"footnotes":""},"categories":[3],"tags":[2],"class_list":["post-4","post","type-post","status-publish","format-aside","hentry","category-estaciones","tag-estaciones","post_format-post-format-aside"],"_links":{"self":[{"href":"https:\/\/edublog.educastur.es\/aulasverdes\/wp-json\/wp\/v2\/posts\/4","targetHints":{"allow":["GET"]}}],"collection":[{"href":"https:\/\/edublog.educastur.es\/aulasverdes\/wp-json\/wp\/v2\/posts"}],"about":[{"href":"https:\/\/edublog.educastur.es\/aulasverdes\/wp-json\/wp\/v2\/types\/post"}],"author":[{"embeddable":true,"href":"https:\/\/edublog.educastur.es\/aulasverdes\/wp-json\/wp\/v2\/users\/917"}],"replies":[{"embeddable":true,"href":"https:\/\/edublog.educastur.es\/aulasverdes\/wp-json\/wp\/v2\/comments?post=4"}],"version-history":[{"count":9,"href":"https:\/\/edublog.educastur.es\/aulasverdes\/wp-json\/wp\/v2\/posts\/4\/revisions"}],"predecessor-version":[{"id":574,"href":"https:\/\/edublog.educastur.es\/aulasverdes\/wp-json\/wp\/v2\/posts\/4\/revisions\/574"}],"wp:attachment":[{"href":"https:\/\/edublog.educastur.es\/aulasverdes\/wp-json\/wp\/v2\/media?parent=4"}],"wp:term":[{"taxonomy":"category","embeddable":true,"href":"https:\/\/edublog.educastur.es\/aulasverdes\/wp-json\/wp\/v2\/categories?post=4"},{"taxonomy":"post_tag","embeddable":true,"href":"https:\/\/edublog.educastur.es\/aulasverdes\/wp-json\/wp\/v2\/tags?post=4"}],"curies":[{"name":"wp","href":"https:\/\/api.w.org\/{rel}","templated":true}]}}