{"id":427,"date":"2022-01-20T11:17:00","date_gmt":"2022-01-20T11:17:00","guid":{"rendered":"https:\/\/edublog.educastur.es\/aulasverdes\/?p=427"},"modified":"2022-01-23T07:43:14","modified_gmt":"2022-01-23T07:43:14","slug":"ya-llego-el-invierno","status":"publish","type":"post","link":"https:\/\/edublog.educastur.es\/aulasverdes\/2022\/01\/20\/ya-llego-el-invierno\/","title":{"rendered":"YA LLEG\u00d3 EL INVIERNO"},"content":{"rendered":"<p><img loading=\"lazy\" decoding=\"async\" class=\"size-medium wp-image-175 aligncenter\" src=\"http:\/\/edublog.educastur.es\/aulasverdes\/files\/2021\/10\/seasons-2019523_1280-300x300.png\" alt=\"\" width=\"300\" height=\"300\" \/><\/p>\n<p><span style=\"font-family: arial, helvetica, sans-serif;font-size: 14pt\">E<strong>L D\u00cdA 18 DE ENERO<\/strong> FUIMOS A DAR UN PASEO PARA VER LAS SE\u00d1ALES DEL INVIERNO EN NUESTRO JARD\u00cdN.<\/span><img loading=\"lazy\" decoding=\"async\" class=\" wp-image-462 aligncenter\" src=\"http:\/\/edublog.educastur.es\/aulasverdes\/files\/2022\/01\/GENERAL-min-300x225.jpg\" alt=\"\" width=\"255\" height=\"191\" \/><\/p>\n<p><span style=\"font-family: arial, helvetica, sans-serif;font-size: 14pt\">HEMOS VISTO TODAS LAS PLANTAS <strong>BLANCAS<\/strong>, PORQUE <\/span><span style=\"font-family: arial, helvetica, sans-serif;font-size: 14pt\">ESTABAN HELADAS.<\/span><\/p>\n<p><img loading=\"lazy\" decoding=\"async\" class=\"wp-image-463 alignnone\" src=\"http:\/\/edublog.educastur.es\/aulasverdes\/files\/2022\/01\/IMG_20220123_083233_opt-300x300.jpg\" alt=\"\" width=\"231\" height=\"230\" \/><img loading=\"lazy\" decoding=\"async\" class=\"wp-image-430 alignnone\" style=\"font-family: arial, helvetica, sans-serif;font-size: 18.6667px\" src=\"http:\/\/edublog.educastur.es\/aulasverdes\/files\/2022\/01\/HIELO-min-225x300.jpg\" alt=\"\" width=\"173\" height=\"231\" \/><\/p>\n<p><span style=\"font-family: arial, helvetica, sans-serif;font-size: 14pt\">HEMOS OBSERVADO EL <strong>HOTEL DE INSECTOS<\/strong> Y LA <strong>CAJA NIDO DE LOS P\u00c1JAROS.<\/strong><\/span><\/p>\n<p><span style=\"font-family: arial, helvetica, sans-serif;font-size: 14pt\"><img loading=\"lazy\" decoding=\"async\" class=\"alignnone size-medium wp-image-431\" src=\"http:\/\/edublog.educastur.es\/aulasverdes\/files\/2022\/01\/HOTEL-INSECTOS-min-225x300.jpg\" alt=\"\" width=\"225\" height=\"300\" \/><img loading=\"lazy\" decoding=\"async\" class=\"alignnone size-medium wp-image-437\" src=\"http:\/\/edublog.educastur.es\/aulasverdes\/files\/2022\/01\/PAJAROS-225x300.jpg\" alt=\"\" width=\"225\" height=\"300\" \/><\/span><\/p>\n<p><span style=\"font-family: arial, helvetica, sans-serif;font-size: 14pt\">MUCHOS DE NUESTROS \u00c1RBOLES NO TIENEN NINGUNA HOJA. PORQUE SON \u00c1RBOLES DE <strong>HOJA CADUCA.<\/strong><\/span><img loading=\"lazy\" decoding=\"async\" class=\"wp-image-460 aligncenter\" src=\"http:\/\/edublog.educastur.es\/aulasverdes\/files\/2022\/01\/ARBOL-min-1-225x300.jpg\" alt=\"\" width=\"195\" height=\"260\" \/><strong><span style=\"font-family: arial, helvetica, sans-serif;font-size: 14pt\">OS ANIMAMOS A ABRIGAROS Y DAR UN PASEO PARA VER LAS ESTACIONES PASAR EN LA NATURALEZA.<\/span><\/strong><\/p>\n<p>&nbsp;<\/p>\n<p><span style=\"font-family: arial, helvetica, sans-serif;font-size: 14pt\">Pulsa en la entrada si quieres poner un comentario. Gracias<\/span><\/p>\n<p>&nbsp;<\/p>\n","protected":false},"excerpt":{"rendered":"<p>EL D\u00cdA 18 DE ENERO FUIMOS A DAR UN PASEO PARA VER LAS SE\u00d1ALES DEL INVIERNO EN NUESTRO JARD\u00cdN. HEMOS VISTO TODAS LAS PLANTAS BLANCAS, PORQUE ESTABAN HELADAS. HEMOS OBSERVADO EL HOTEL DE INSECTOS Y LA CAJA NIDO DE LOS P\u00c1JAROS. MUCHOS DE NUESTROS \u00c1RBOLES NO TIENEN NINGUNA HOJA. PORQUE SON \u00c1RBOLES DE HOJA CADUCA.OS [&hellip;]<\/p>\n","protected":false},"author":917,"featured_media":0,"comment_status":"open","ping_status":"open","sticky":false,"template":"","format":"standard","meta":{"footnotes":""},"categories":[3],"tags":[],"class_list":["post-427","post","type-post","status-publish","format-standard","hentry","category-estaciones"],"_links":{"self":[{"href":"https:\/\/edublog.educastur.es\/aulasverdes\/wp-json\/wp\/v2\/posts\/427","targetHints":{"allow":["GET"]}}],"collection":[{"href":"https:\/\/edublog.educastur.es\/aulasverdes\/wp-json\/wp\/v2\/posts"}],"about":[{"href":"https:\/\/edublog.educastur.es\/aulasverdes\/wp-json\/wp\/v2\/types\/post"}],"author":[{"embeddable":true,"href":"https:\/\/edublog.educastur.es\/aulasverdes\/wp-json\/wp\/v2\/users\/917"}],"replies":[{"embeddable":true,"href":"https:\/\/edublog.educastur.es\/aulasverdes\/wp-json\/wp\/v2\/comments?post=427"}],"version-history":[{"count":14,"href":"https:\/\/edublog.educastur.es\/aulasverdes\/wp-json\/wp\/v2\/posts\/427\/revisions"}],"predecessor-version":[{"id":465,"href":"https:\/\/edublog.educastur.es\/aulasverdes\/wp-json\/wp\/v2\/posts\/427\/revisions\/465"}],"wp:attachment":[{"href":"https:\/\/edublog.educastur.es\/aulasverdes\/wp-json\/wp\/v2\/media?parent=427"}],"wp:term":[{"taxonomy":"category","embeddable":true,"href":"https:\/\/edublog.educastur.es\/aulasverdes\/wp-json\/wp\/v2\/categories?post=427"},{"taxonomy":"post_tag","embeddable":true,"href":"https:\/\/edublog.educastur.es\/aulasverdes\/wp-json\/wp\/v2\/tags?post=427"}],"curies":[{"name":"wp","href":"https:\/\/api.w.org\/{rel}","templated":true}]}}