{"id":474,"date":"2022-01-31T11:31:33","date_gmt":"2022-01-31T11:31:33","guid":{"rendered":"https:\/\/edublog.educastur.es\/aulasverdes\/?p=474"},"modified":"2022-01-31T11:31:33","modified_gmt":"2022-01-31T11:31:33","slug":"familias-senderistas-ii","status":"publish","type":"post","link":"https:\/\/edublog.educastur.es\/aulasverdes\/2022\/01\/31\/familias-senderistas-ii\/","title":{"rendered":"FAMILIAS SENDERISTAS II"},"content":{"rendered":"<p><span style=\"font-family: arial, helvetica, sans-serif\">Luis y su familia salen a caminar muchos fines de semanas y han querido compartir con nosotros de nuevo algunas de las rutas de senderismo que han realizado \u00faltimamente. \u00a0<\/span><\/p>\n<p><span style=\"font-family: arial, helvetica, sans-serif\">Os animamos a que teng\u00e1is un mayor contacto con la naturaleza\u00a0 y que sea siempre con respeto.<\/span><\/p>\n<p><span style=\"font-family: arial, helvetica, sans-serif\">El senderismo, ir a un parque o a la playa pueden ser actividades muy gratificantes y divertidas para todos y todas.\u00a0<\/span><\/p>\n<p><span style=\"font-family: 'arial black', sans-serif\"><!--more--><\/span><\/p>\n<ol>\n<li><span style=\"font-family: 'arial black', sans-serif\">Concejo de Carre\u00f1o. Tam\u00f3n. V\u00eda verde del estrat\u00e9gico<\/span><\/li>\n<\/ol>\n<p><img loading=\"lazy\" decoding=\"async\" class=\"wp-image-486 aligncenter\" src=\"http:\/\/edublog.educastur.es\/aulasverdes\/files\/2022\/01\/tamon_redimensionar-225x300.jpg\" alt=\"\" width=\"192\" height=\"256\" \/><\/p>\n<table style=\"width: 89.5195%;height: 119px\">\n<tbody>\n<tr style=\"height: 45px\">\n<td style=\"width: 48.9796%;height: 45px\" width=\"189\"><strong><span style=\"font-family: arial, helvetica, sans-serif\">Distancia<\/span><\/strong><\/td>\n<td style=\"width: 116.582%;height: 45px;text-align: center\" width=\"189\"><span style=\"font-family: arial, helvetica, sans-serif\">10,21 km<\/span><\/td>\n<\/tr>\n<tr style=\"height: 50px\">\n<td style=\"width: 48.9796%;height: 50px\" width=\"189\"><strong><span style=\"font-family: arial, helvetica, sans-serif\">Dificultad t\u00e9cnica<\/span><\/strong><\/td>\n<td style=\"width: 116.582%;height: 50px;text-align: center\" width=\"189\"><span style=\"font-family: arial, helvetica, sans-serif\">F\u00e1cil<\/span><\/td>\n<\/tr>\n<tr style=\"height: 24px\">\n<td style=\"width: 48.9796%;height: 24px\" width=\"189\"><strong><span style=\"font-family: arial, helvetica, sans-serif\">Tipo de ruta<\/span><\/strong><\/td>\n<td style=\"width: 116.582%;height: 24px;text-align: center\" width=\"189\"><span style=\"font-family: arial, helvetica, sans-serif\">Circular<\/span><\/td>\n<\/tr>\n<\/tbody>\n<\/table>\n<p><span style=\"font-family: arial, helvetica, sans-serif\"><em>Para saber m\u00e1s detalles sobre esta ruta pincha este enlace: <\/em><\/span><\/p>\n<p><span style=\"font-family: arial, helvetica, sans-serif\"><a href=\"https:\/\/es.wikiloc.com\/rutas-senderismo\/concejo-de-carreno-tamon-via-verde-del-estrategico-90673834\" target=\"_blank\" rel=\"noopener\">PULSA AQU\u00cd: RUTA WIKILOK<\/a><\/span><\/p>\n<ol start=\"2\">\n<li><span style=\"font-family: 'arial black', sans-serif\">CONCEJO DE CARRE\u00d1O, Sta. M\u00aa. de Logrezana &#8211; Capilla Coyanca<\/span><\/li>\n<\/ol>\n<p><img loading=\"lazy\" decoding=\"async\" class=\"wp-image-479 alignleft\" src=\"http:\/\/edublog.educastur.es\/aulasverdes\/files\/2022\/01\/carreno_redimensionar-225x300.jpg\" alt=\"\" width=\"169\" height=\"225\" \/><img loading=\"lazy\" decoding=\"async\" class=\"alignnone wp-image-482\" src=\"http:\/\/edublog.educastur.es\/aulasverdes\/files\/2022\/01\/logrezana_redimensionar-300x225.jpg\" alt=\"\" width=\"275\" height=\"206\" \/><\/p>\n<table style=\"width: 90.3182%\">\n<tbody>\n<tr>\n<td style=\"width: 48.9796%\" width=\"189\"><strong><span style=\"font-family: arial, helvetica, sans-serif\">Distancia<\/span><\/strong><\/td>\n<td style=\"width: 120.408%;text-align: center\" width=\"189\"><span style=\"font-family: arial, helvetica, sans-serif\">10,14 km<\/span><\/td>\n<\/tr>\n<tr>\n<td style=\"width: 48.9796%\" width=\"189\"><strong><span style=\"font-family: arial, helvetica, sans-serif\">Dificultad t\u00e9cnica<\/span><\/strong><\/td>\n<td style=\"width: 120.408%;text-align: center\" width=\"189\"><span style=\"font-family: arial, helvetica, sans-serif\">F\u00e1cil<\/span><\/td>\n<\/tr>\n<tr>\n<td style=\"width: 48.9796%\" width=\"189\"><strong><span style=\"font-family: arial, helvetica, sans-serif\">Tipo de ruta<\/span><\/strong><\/td>\n<td style=\"width: 120.408%;text-align: center\" width=\"189\"><span style=\"font-family: arial, helvetica, sans-serif\">Circular<\/span><\/td>\n<\/tr>\n<\/tbody>\n<\/table>\n<p><span style=\"font-family: arial, helvetica, sans-serif\"><em>Para saber m\u00e1s detalles sobre esta ruta pincha este enlace: <\/em><\/span><\/p>\n<p><span style=\"font-family: arial, helvetica, sans-serif\"><a href=\"https:\/\/es.wikiloc.com\/rutas-senderismo\/concejo-de-carreno-sta-ma-de-logrezana-capilla-coyanca-91050639\" target=\"_blank\" rel=\"noopener\">PULSA AQU\u00cd: RUTA WIKILOK<\/a><\/span><\/p>\n<ol start=\"3\">\n<li><span style=\"font-family: 'arial black', sans-serif\">Ruta Areo San Pablo III<\/span><\/li>\n<\/ol>\n<p><span style=\"font-family: arial, helvetica, sans-serif\"><em> <img loading=\"lazy\" decoding=\"async\" class=\"alignnone wp-image-484\" src=\"http:\/\/edublog.educastur.es\/aulasverdes\/files\/2022\/01\/san-pablo_redimensionar-225x300.jpg\" alt=\"\" width=\"178\" height=\"237\" \/> <img loading=\"lazy\" decoding=\"async\" class=\"alignnone wp-image-485\" src=\"http:\/\/edublog.educastur.es\/aulasverdes\/files\/2022\/01\/san-pablo2_redimensionar-300x225.jpg\" alt=\"\" width=\"275\" height=\"206\" \/><\/em><\/span><\/p>\n<table style=\"width: 89.7822%;height: 161px\">\n<tbody>\n<tr style=\"height: 54px\">\n<td style=\"width: 48.0746%;height: 54px\" width=\"189\"><strong><span style=\"font-family: arial, helvetica, sans-serif\">Distancia<\/span><\/strong><\/td>\n<td style=\"width: 120.293%;height: 54px;text-align: center\" width=\"189\"><span style=\"font-family: arial, helvetica, sans-serif\">10,28 km<\/span><\/td>\n<\/tr>\n<tr style=\"height: 47px\">\n<td style=\"width: 48.0746%;height: 47px\" width=\"189\"><strong><span style=\"font-family: arial, helvetica, sans-serif\">Dificultad t\u00e9cnica<\/span><\/strong><\/td>\n<td style=\"width: 120.293%;height: 47px;text-align: center\" width=\"189\"><span style=\"font-family: arial, helvetica, sans-serif\">Moderada<\/span><\/td>\n<\/tr>\n<tr style=\"height: 60px\">\n<td style=\"width: 48.0746%;height: 60px\" width=\"189\"><strong><span style=\"font-family: arial, helvetica, sans-serif\">Tipo de ruta<\/span><\/strong><\/td>\n<td style=\"width: 120.293%;height: 60px;text-align: center\" width=\"189\"><span style=\"font-family: arial, helvetica, sans-serif\">Circular<\/span><\/td>\n<\/tr>\n<\/tbody>\n<\/table>\n<p><span style=\"font-family: arial, helvetica, sans-serif\"><em>\u00a0<\/em><\/span><span style=\"font-family: arial, helvetica, sans-serif\"><em>Para saber m\u00e1s detalles sobre esta ruta pincha este enlace: <\/em><\/span><\/p>\n<p><a href=\"https:\/\/es.wikiloc.com\/rutas-senderismo\/areo-san-pablo-iii-92947929\" target=\"_blank\" rel=\"noopener\">PULSA AQU\u00cd: RUTA WIKILOK<\/a><\/p>\n<p><span style=\"font-family: 'arial black', sans-serif\"><em>4. <\/em>Ruta Concejo de Goz\u00f3n.<\/span><\/p>\n<p><img loading=\"lazy\" decoding=\"async\" class=\"alignnone wp-image-480\" src=\"http:\/\/edublog.educastur.es\/aulasverdes\/files\/2022\/01\/gozon1_redimensionar-225x300.jpg\" alt=\"\" width=\"201\" height=\"268\" \/> <img loading=\"lazy\" decoding=\"async\" class=\"alignnone wp-image-481\" src=\"http:\/\/edublog.educastur.es\/aulasverdes\/files\/2022\/01\/gozon2_redimensionar-225x300.jpg\" alt=\"\" width=\"187\" height=\"249\" \/><\/p>\n<table style=\"width: 87.2285%;height: 162px\">\n<tbody>\n<tr style=\"height: 51px\">\n<td style=\"width: 48.9796%;height: 51px\" width=\"189\"><strong><span style=\"font-family: arial, helvetica, sans-serif\">Distancia<\/span><\/strong><\/td>\n<td style=\"width: 114.541%;height: 51px;text-align: center\" width=\"189\"><span style=\"font-family: arial, helvetica, sans-serif\">11,44 km<\/span><\/td>\n<\/tr>\n<tr style=\"height: 56px\">\n<td style=\"width: 48.9796%;height: 56px\" width=\"189\"><strong><span style=\"font-family: arial, helvetica, sans-serif\">Dificultad t\u00e9cnica<\/span><\/strong><\/td>\n<td style=\"width: 114.541%;height: 56px;text-align: center\" width=\"189\"><span style=\"font-family: arial, helvetica, sans-serif\">Moderada<\/span><\/td>\n<\/tr>\n<tr style=\"height: 55px\">\n<td style=\"width: 48.9796%;height: 55px\" width=\"189\"><strong><span style=\"font-family: arial, helvetica, sans-serif\">Tipo de ruta<\/span><\/strong><\/td>\n<td style=\"width: 114.541%;height: 55px;text-align: center\" width=\"189\"><span style=\"font-family: arial, helvetica, sans-serif\">Circular<\/span><\/td>\n<\/tr>\n<\/tbody>\n<\/table>\n<p><span style=\"font-family: arial, helvetica, sans-serif\"><em>\u00a0<\/em><\/span><span style=\"font-family: arial, helvetica, sans-serif\"><em>Para saber m\u00e1s detalles sobre esta ruta pincha este enlace: <\/em><\/span><\/p>\n<p><em style=\"font-family: arial, helvetica, sans-serif\"><a href=\"https:\/\/es.wikiloc.com\/rutas-senderismo\/concejo-de-gozon-tres-iglesias-fuente-con-xana-y-la-casa-del-difuntin-93489418\" target=\"_blank\" rel=\"noopener\">PULSA AQU\u00cd: RUTA WIKILOK<\/a><\/em><\/p>\n<p><span style=\"font-family: arial, helvetica, sans-serif\"><em>\u00a0<\/em><\/span><span style=\"font-family: arial, helvetica, sans-serif\">*<em>Nota: Las rutas propuestas pueden sufrir modificaciones de la que no somos responsables. <\/em><\/span><\/p>\n<p><span style=\"font-family: arial, helvetica, sans-serif\"><em>Recordar adem\u00e1s que cuando salimos a caminar, es muy importante consultar la previsi\u00f3n meteorol\u00f3gica, ir con un calzado y ropa adecuada, seguir por la ruta trazada y llevarnos de vuelta todos nuestros residuos. <\/em><\/span><\/p>\n<p><span style=\"font-family: arial, helvetica, sans-serif\"><em>\u00a0<\/em><\/span><\/p>\n","protected":false},"excerpt":{"rendered":"<p>Luis y su familia salen a caminar muchos fines de semanas y han querido compartir con nosotros de nuevo algunas de las rutas de senderismo que han realizado \u00faltimamente. \u00a0 Os animamos a que teng\u00e1is un mayor contacto con la naturaleza\u00a0 y que sea siempre con respeto. El senderismo, ir a un parque o a [&hellip;]<\/p>\n","protected":false},"author":917,"featured_media":0,"comment_status":"open","ping_status":"open","sticky":false,"template":"","format":"aside","meta":{"footnotes":""},"categories":[11,15],"tags":[],"class_list":["post-474","post","type-post","status-publish","format-aside","hentry","category-familias","category-rutas-senderismo","post_format-post-format-aside"],"_links":{"self":[{"href":"https:\/\/edublog.educastur.es\/aulasverdes\/wp-json\/wp\/v2\/posts\/474","targetHints":{"allow":["GET"]}}],"collection":[{"href":"https:\/\/edublog.educastur.es\/aulasverdes\/wp-json\/wp\/v2\/posts"}],"about":[{"href":"https:\/\/edublog.educastur.es\/aulasverdes\/wp-json\/wp\/v2\/types\/post"}],"author":[{"embeddable":true,"href":"https:\/\/edublog.educastur.es\/aulasverdes\/wp-json\/wp\/v2\/users\/917"}],"replies":[{"embeddable":true,"href":"https:\/\/edublog.educastur.es\/aulasverdes\/wp-json\/wp\/v2\/comments?post=474"}],"version-history":[{"count":10,"href":"https:\/\/edublog.educastur.es\/aulasverdes\/wp-json\/wp\/v2\/posts\/474\/revisions"}],"predecessor-version":[{"id":495,"href":"https:\/\/edublog.educastur.es\/aulasverdes\/wp-json\/wp\/v2\/posts\/474\/revisions\/495"}],"wp:attachment":[{"href":"https:\/\/edublog.educastur.es\/aulasverdes\/wp-json\/wp\/v2\/media?parent=474"}],"wp:term":[{"taxonomy":"category","embeddable":true,"href":"https:\/\/edublog.educastur.es\/aulasverdes\/wp-json\/wp\/v2\/categories?post=474"},{"taxonomy":"post_tag","embeddable":true,"href":"https:\/\/edublog.educastur.es\/aulasverdes\/wp-json\/wp\/v2\/tags?post=474"}],"curies":[{"name":"wp","href":"https:\/\/api.w.org\/{rel}","templated":true}]}}