{"id":509,"date":"2022-02-21T16:09:50","date_gmt":"2022-02-21T16:09:50","guid":{"rendered":"https:\/\/edublog.educastur.es\/aulasverdes\/?p=509"},"modified":"2022-02-21T16:09:50","modified_gmt":"2022-02-21T16:09:50","slug":"un-dia-de-la-paz-muy-natural","status":"publish","type":"post","link":"https:\/\/edublog.educastur.es\/aulasverdes\/2022\/02\/21\/un-dia-de-la-paz-muy-natural\/","title":{"rendered":"Un d\u00eda de la Paz muy natural."},"content":{"rendered":"<p><span style=\"font-family: arial, helvetica, sans-serif;font-size: 14pt\">El lunes, <strong>30 de enero<\/strong>, celebramos en el cole el <strong>d\u00eda de la Paz.<\/strong><\/span><\/p>\n<p><span style=\"font-family: arial, helvetica, sans-serif;font-size: 14pt\">En clase estuvimos hablando de que es muy importante: <strong>llevarse bien, respetarse, y no pelearse con los dem\u00e1s.<\/strong><\/span><\/p>\n<p><span style=\"font-family: arial, helvetica, sans-serif;font-size: 14pt\">Escuchamos la canci\u00f3n de IMAGINE, que habla de la Paz, puedes escucharlas en estos videos.<\/span><\/p>\n<p><a href=\"https:\/\/youtu.be\/l1uVgOX0xT4\" target=\"_blank\" rel=\"noopener\">CANCION IMAGINE<\/a><\/p>\n<p><a href=\"https:\/\/youtu.be\/EvPGznS2FKU\" target=\"_blank\" rel=\"noopener\">video-cuento IMAGINE<\/a><\/p>\n<p><span style=\"font-family: arial, helvetica, sans-serif;font-size: 14pt\">Hicimos el s\u00edmbolo de la Paz, para ellos fuimos a dar un paseo por el jard\u00edn y cogimos: palos, hojas, frutos, cascaras de frutas\u2026\u00a0<\/span><\/p>\n<p><img loading=\"lazy\" decoding=\"async\" class=\"alignnone wp-image-517 aligncenter\" src=\"http:\/\/edublog.educastur.es\/aulasverdes\/files\/2022\/02\/IMG_20220221_163819_opt-300x300.jpg\" alt=\"\" width=\"255\" height=\"255\" \/><\/p>\n<p><span style=\"font-family: arial, helvetica, sans-serif;font-size: 14pt\">Os animamos a que hag\u00e1is manualidades con material de nuestra naturaleza, por estas razones:\u00a0<\/span><\/p>\n<ul>\n<li><span style=\"font-family: arial, helvetica, sans-serif;font-size: 14pt\">es mucho mejor para nuestro planeta, generamos menos residuos<\/span><\/li>\n<li><span style=\"font-family: arial, helvetica, sans-serif;font-size: 14pt\">es muy agradable trabajar con ellos<\/span><\/li>\n<li><span style=\"font-family: arial, helvetica, sans-serif;font-size: 14pt\">podemos dar un paseo al aire libre para recogerlos<\/span><\/li>\n<li><span style=\"font-family: arial, helvetica, sans-serif;font-size: 14pt\">nos ayuda a mejorar nuestra imaginaci\u00f3n<\/span><\/li>\n<\/ul>\n","protected":false},"excerpt":{"rendered":"<p>El lunes, 30 de enero, celebramos en el cole el d\u00eda de la Paz. En clase estuvimos hablando de que es muy importante: llevarse bien, respetarse, y no pelearse con los dem\u00e1s. Escuchamos la canci\u00f3n de IMAGINE, que habla de la Paz, puedes escucharlas en estos videos. CANCION IMAGINE video-cuento IMAGINE Hicimos el s\u00edmbolo de [&hellip;]<\/p>\n","protected":false},"author":917,"featured_media":0,"comment_status":"open","ping_status":"open","sticky":false,"template":"","format":"standard","meta":{"footnotes":""},"categories":[12],"tags":[],"class_list":["post-509","post","type-post","status-publish","format-standard","hentry","category-dias-especiales"],"_links":{"self":[{"href":"https:\/\/edublog.educastur.es\/aulasverdes\/wp-json\/wp\/v2\/posts\/509","targetHints":{"allow":["GET"]}}],"collection":[{"href":"https:\/\/edublog.educastur.es\/aulasverdes\/wp-json\/wp\/v2\/posts"}],"about":[{"href":"https:\/\/edublog.educastur.es\/aulasverdes\/wp-json\/wp\/v2\/types\/post"}],"author":[{"embeddable":true,"href":"https:\/\/edublog.educastur.es\/aulasverdes\/wp-json\/wp\/v2\/users\/917"}],"replies":[{"embeddable":true,"href":"https:\/\/edublog.educastur.es\/aulasverdes\/wp-json\/wp\/v2\/comments?post=509"}],"version-history":[{"count":4,"href":"https:\/\/edublog.educastur.es\/aulasverdes\/wp-json\/wp\/v2\/posts\/509\/revisions"}],"predecessor-version":[{"id":521,"href":"https:\/\/edublog.educastur.es\/aulasverdes\/wp-json\/wp\/v2\/posts\/509\/revisions\/521"}],"wp:attachment":[{"href":"https:\/\/edublog.educastur.es\/aulasverdes\/wp-json\/wp\/v2\/media?parent=509"}],"wp:term":[{"taxonomy":"category","embeddable":true,"href":"https:\/\/edublog.educastur.es\/aulasverdes\/wp-json\/wp\/v2\/categories?post=509"},{"taxonomy":"post_tag","embeddable":true,"href":"https:\/\/edublog.educastur.es\/aulasverdes\/wp-json\/wp\/v2\/tags?post=509"}],"curies":[{"name":"wp","href":"https:\/\/api.w.org\/{rel}","templated":true}]}}