{"id":634,"date":"2022-03-11T13:20:12","date_gmt":"2022-03-11T13:20:12","guid":{"rendered":"https:\/\/edublog.educastur.es\/aulasverdes\/?p=634"},"modified":"2022-03-11T13:21:23","modified_gmt":"2022-03-11T13:21:23","slug":"familias-senderistas-iii","status":"publish","type":"post","link":"https:\/\/edublog.educastur.es\/aulasverdes\/2022\/03\/11\/familias-senderistas-iii\/","title":{"rendered":"FAMILIAS SENDERISTAS III"},"content":{"rendered":"<p><span style=\"font-family: arial, helvetica, sans-serif;font-size: 14pt\">Luis y su familia nos proponen nuevas rutas para ir a caminar por la naturaleza.<\/span><\/p>\n<p><span style=\"font-family: arial, helvetica, sans-serif;font-size: 14pt\">Ellos han visto muchos animales en el campo,<span style=\"font-family: 'arial black', sans-serif\"> mira esta foto: <\/span><\/span><\/p>\n<p><img loading=\"lazy\" decoding=\"async\" class=\" wp-image-636 aligncenter\" src=\"http:\/\/edublog.educastur.es\/aulasverdes\/files\/2022\/03\/mosaico-animales_opt-300x300.jpg\" alt=\"\" width=\"333\" height=\"333\" \/><\/p>\n<p><strong><span style=\"font-family: arial, helvetica, sans-serif;font-size: 14pt\">\u00bfSabes c\u00f3mo se llaman? Escribe en los comentarios los animales que conozcas.<\/span><\/strong><\/p>\n<p><em><span style=\"font-family: arial, helvetica, sans-serif;font-size: 14pt\">Debes pulsar en la entrada para entrar en los comentarios y encontrar informaci\u00f3n sobre cuatro rutas de senderismo.\u00a0<\/span><\/em><\/p>\n<p><!--more--><\/p>\n<ol>\n<li><span style=\"font-family: 'arial black', sans-serif;font-size: 14pt\">Pedroco<\/span><\/li>\n<\/ol>\n<p><img loading=\"lazy\" decoding=\"async\" class=\"size-medium wp-image-638 alignleft\" src=\"http:\/\/edublog.educastur.es\/aulasverdes\/files\/2022\/03\/careno-3_opt-225x300.jpg\" alt=\"\" width=\"225\" height=\"300\" \/><\/p>\n<table>\n<tbody>\n<tr>\n<td width=\"189\"><span style=\"font-family: arial, helvetica, sans-serif;font-size: 14pt\">Distancia<\/span><\/td>\n<td width=\"189\"><span style=\"font-family: arial, helvetica, sans-serif;font-size: 14pt\">9,55 km<\/span><\/td>\n<\/tr>\n<tr>\n<td width=\"189\"><span style=\"font-family: arial, helvetica, sans-serif;font-size: 14pt\">Dificultad t\u00e9cnica<\/span><\/td>\n<td width=\"189\"><span style=\"font-family: arial, helvetica, sans-serif;font-size: 14pt\">Moderado<\/span><\/td>\n<\/tr>\n<tr>\n<td width=\"189\"><span style=\"font-family: arial, helvetica, sans-serif;font-size: 14pt\">Tipo de ruta<\/span><\/td>\n<td width=\"189\"><span style=\"font-family: arial, helvetica, sans-serif;font-size: 14pt\">Circular<\/span><\/td>\n<\/tr>\n<\/tbody>\n<\/table>\n<p><span style=\"font-family: arial, helvetica, sans-serif;font-size: 14pt\"><em>Para saber m\u00e1s detalles sobre esta ruta pincha este enlace: <\/em><\/span><\/p>\n<p><span style=\"font-family: arial, helvetica, sans-serif;font-size: 14pt\"><a href=\"https:\/\/es.wikiloc.com\/rutas-senderismo\/pedroco-96953597\">https:\/\/es.wikiloc.com\/rutas-senderismo\/pedroco-96953597<\/a><\/span><\/p>\n<p>&nbsp;<\/p>\n<ol start=\"2\">\n<li><span style=\"font-family: arial, helvetica, sans-serif;font-size: 14pt\">CONCEJO DE SIERO (Valdesoto ESTE) Lece\u00f1es<\/span><\/li>\n<\/ol>\n<p><img loading=\"lazy\" decoding=\"async\" class=\"size-medium wp-image-635 alignleft\" src=\"http:\/\/edublog.educastur.es\/aulasverdes\/files\/2022\/03\/Lecenes1_opt-300x225.jpg\" alt=\"\" width=\"300\" height=\"225\" \/><\/p>\n<table>\n<tbody>\n<tr>\n<td width=\"189\"><span style=\"font-family: arial, helvetica, sans-serif;font-size: 14pt\">Distancia<\/span><\/td>\n<td width=\"189\"><span style=\"font-family: arial, helvetica, sans-serif;font-size: 14pt\">10,45 km<\/span><\/td>\n<\/tr>\n<tr>\n<td width=\"189\"><span style=\"font-family: arial, helvetica, sans-serif;font-size: 14pt\">Dificultad t\u00e9cnica<\/span><\/td>\n<td width=\"189\"><span style=\"font-family: arial, helvetica, sans-serif;font-size: 14pt\">Moderado<\/span><\/td>\n<\/tr>\n<tr>\n<td width=\"189\"><span style=\"font-family: arial, helvetica, sans-serif;font-size: 14pt\">Tipo de ruta<\/span><\/td>\n<td width=\"189\"><span style=\"font-family: arial, helvetica, sans-serif;font-size: 14pt\">Circular<\/span><\/td>\n<\/tr>\n<\/tbody>\n<\/table>\n<p><span style=\"font-family: arial, helvetica, sans-serif;font-size: 14pt\"><em>Para saber m\u00e1s detalles sobre esta ruta pincha este enlace: <\/em><\/span><\/p>\n<p><span style=\"font-family: arial, helvetica, sans-serif;font-size: 14pt\"><a href=\"https:\/\/es.wikiloc.com\/rutas-senderismo\/concejo-de-siero-valdesoto-este-lecenes-95804953\">https:\/\/es.wikiloc.com\/rutas-senderismo\/concejo-de-siero-valdesoto-este-lecenes-95804953<\/a><\/span><\/p>\n<ol start=\"3\">\n<li><span style=\"font-family: arial, helvetica, sans-serif;font-size: 14pt\"><strong>CONCEJO DE CARRE\u00d1O (Prendes &#8211; Prevera)<\/strong><\/span><\/li>\n<\/ol>\n<p><img loading=\"lazy\" decoding=\"async\" class=\"size-medium wp-image-637 alignleft\" src=\"http:\/\/edublog.educastur.es\/aulasverdes\/files\/2022\/03\/pedroco1_opt-300x225.jpg\" alt=\"\" width=\"300\" height=\"225\" \/><\/p>\n<table>\n<tbody>\n<tr>\n<td width=\"189\"><span style=\"font-family: arial, helvetica, sans-serif;font-size: 14pt\">Distancia<\/span><\/td>\n<td width=\"189\"><span style=\"font-family: arial, helvetica, sans-serif;font-size: 14pt\">9,48 km<\/span><\/td>\n<\/tr>\n<tr>\n<td width=\"189\"><span style=\"font-family: arial, helvetica, sans-serif;font-size: 14pt\">Dificultad t\u00e9cnica<\/span><\/td>\n<td width=\"189\"><span style=\"font-family: arial, helvetica, sans-serif;font-size: 14pt\">Moderada<\/span><\/td>\n<\/tr>\n<tr>\n<td width=\"189\"><span style=\"font-family: arial, helvetica, sans-serif;font-size: 14pt\">Tipo de ruta<\/span><\/td>\n<td width=\"189\"><span style=\"font-family: arial, helvetica, sans-serif;font-size: 14pt\">Circular<\/span><\/td>\n<\/tr>\n<\/tbody>\n<\/table>\n<p><span style=\"font-family: arial, helvetica, sans-serif;font-size: 14pt\"><em>\u00a0<\/em><\/span><\/p>\n<p><span style=\"font-family: arial, helvetica, sans-serif;font-size: 14pt\"><em>Para saber m\u00e1s detalles sobre esta ruta pincha este enlace: <\/em><\/span><\/p>\n<p><span style=\"font-family: arial, helvetica, sans-serif;font-size: 14pt\"><em><a href=\"https:\/\/es.wikiloc.com\/rutas-senderismo\/concejo-de-carreno-prendes-prevera-95093882\">https:\/\/es.wikiloc.com\/rutas-senderismo\/concejo-de-carreno-prendes-prevera-95093882<\/a><\/em><\/span><\/p>\n<p><span style=\"font-family: 'arial black', sans-serif\"><span style=\"font-size: 14pt\"><em>\u00a04. <\/em><\/span><span style=\"font-size: 14pt\">Playa Verdicio y alrededores<\/span><\/span><\/p>\n<p><span style=\"font-family: arial, helvetica, sans-serif;font-size: 14pt\"><em>\u00a0<\/em><\/span><em style=\"font-family: arial, helvetica, sans-serif;font-size: 14pt\"><img loading=\"lazy\" decoding=\"async\" class=\"size-medium wp-image-640 alignleft\" src=\"http:\/\/edublog.educastur.es\/aulasverdes\/files\/2022\/03\/verdicio_opt-300x225.jpg\" alt=\"\" width=\"300\" height=\"225\" srcset=\"https:\/\/edublog.educastur.es\/aulasverdes\/files\/2022\/03\/verdicio_opt-300x225.jpg 300w, https:\/\/edublog.educastur.es\/aulasverdes\/files\/2022\/03\/verdicio_opt.jpg 400w\" sizes=\"auto, (max-width: 300px) 100vw, 300px\" \/><br \/>\n<\/em><\/p>\n<table style=\"width: 39.7785%\">\n<tbody>\n<tr>\n<td style=\"width: 49.2308%\" width=\"189\"><span style=\"font-family: arial, helvetica, sans-serif;font-size: 14pt\">Distancia<\/span><\/td>\n<td style=\"width: 49.2308%\" width=\"189\"><span style=\"font-family: arial, helvetica, sans-serif;font-size: 14pt\">12,58 km<\/span><\/td>\n<\/tr>\n<tr>\n<td style=\"width: 49.2308%\" width=\"189\"><span style=\"font-family: arial, helvetica, sans-serif;font-size: 14pt\">Dificultad t\u00e9cnica<\/span><\/td>\n<td style=\"width: 49.2308%\" width=\"189\"><span style=\"font-family: arial, helvetica, sans-serif;font-size: 14pt\">Moderada<\/span><\/td>\n<\/tr>\n<tr>\n<td style=\"width: 49.2308%\" width=\"189\"><span style=\"font-family: arial, helvetica, sans-serif;font-size: 14pt\">Tipo de ruta<\/span><\/td>\n<td style=\"width: 49.2308%\" width=\"189\"><span style=\"font-family: arial, helvetica, sans-serif;font-size: 14pt\">Circular<\/span><\/td>\n<\/tr>\n<\/tbody>\n<\/table>\n<p><span style=\"font-family: arial, helvetica, sans-serif;font-size: 14pt\"><em>Para saber m\u00e1s detalles sobre esta ruta pincha este enlace: <\/em><\/span><\/p>\n<p><span style=\"font-family: arial, helvetica, sans-serif;font-size: 14pt\"><em><a href=\"https:\/\/es.wikiloc.com\/rutas-senderismo\/playa-de-verdicio-y-alrededores-94628189\">https:\/\/es.wikiloc.com\/rutas-senderismo\/playa-de-verdicio-y-alrededores-94628189<\/a><\/em><\/span><\/p>\n<p><span style=\"font-family: arial, helvetica, sans-serif;font-size: 14pt\"><em>\u00a0<\/em><\/span><span style=\"font-family: arial, helvetica, sans-serif;font-size: 14pt\">*<em>Nota: Las rutas propuestas pueden sufrir modificaciones de la que no somos responsables. <\/em><\/span><\/p>\n<p><span style=\"font-family: arial, helvetica, sans-serif;font-size: 14pt\"><em>Recordar adem\u00e1s que cuando salimos a caminar, es muy importante consultar la previsi\u00f3n meteorol\u00f3gica, ir con un calzado y ropa adecuada, seguir por la ruta trazada y llevarnos de vuelta todos nuestros residuos. <\/em><\/span><\/p>\n<p><em>\u00a0<\/em><\/p>\n","protected":false},"excerpt":{"rendered":"<p>Luis y su familia nos proponen nuevas rutas para ir a caminar por la naturaleza. Ellos han visto muchos animales en el campo, mira esta foto: \u00bfSabes c\u00f3mo se llaman? Escribe en los comentarios los animales que conozcas. Debes pulsar en la entrada para entrar en los comentarios y encontrar informaci\u00f3n sobre cuatro rutas de [&hellip;]<\/p>\n","protected":false},"author":917,"featured_media":0,"comment_status":"open","ping_status":"open","sticky":false,"template":"","format":"standard","meta":{"footnotes":""},"categories":[11,15],"tags":[],"class_list":["post-634","post","type-post","status-publish","format-standard","hentry","category-familias","category-rutas-senderismo"],"_links":{"self":[{"href":"https:\/\/edublog.educastur.es\/aulasverdes\/wp-json\/wp\/v2\/posts\/634","targetHints":{"allow":["GET"]}}],"collection":[{"href":"https:\/\/edublog.educastur.es\/aulasverdes\/wp-json\/wp\/v2\/posts"}],"about":[{"href":"https:\/\/edublog.educastur.es\/aulasverdes\/wp-json\/wp\/v2\/types\/post"}],"author":[{"embeddable":true,"href":"https:\/\/edublog.educastur.es\/aulasverdes\/wp-json\/wp\/v2\/users\/917"}],"replies":[{"embeddable":true,"href":"https:\/\/edublog.educastur.es\/aulasverdes\/wp-json\/wp\/v2\/comments?post=634"}],"version-history":[{"count":4,"href":"https:\/\/edublog.educastur.es\/aulasverdes\/wp-json\/wp\/v2\/posts\/634\/revisions"}],"predecessor-version":[{"id":645,"href":"https:\/\/edublog.educastur.es\/aulasverdes\/wp-json\/wp\/v2\/posts\/634\/revisions\/645"}],"wp:attachment":[{"href":"https:\/\/edublog.educastur.es\/aulasverdes\/wp-json\/wp\/v2\/media?parent=634"}],"wp:term":[{"taxonomy":"category","embeddable":true,"href":"https:\/\/edublog.educastur.es\/aulasverdes\/wp-json\/wp\/v2\/categories?post=634"},{"taxonomy":"post_tag","embeddable":true,"href":"https:\/\/edublog.educastur.es\/aulasverdes\/wp-json\/wp\/v2\/tags?post=634"}],"curies":[{"name":"wp","href":"https:\/\/api.w.org\/{rel}","templated":true}]}}