{"id":677,"date":"2022-04-22T08:47:50","date_gmt":"2022-04-22T08:47:50","guid":{"rendered":"https:\/\/edublog.educastur.es\/aulasverdes\/?p=677"},"modified":"2022-04-22T09:57:27","modified_gmt":"2022-04-22T09:57:27","slug":"dia-de-la-madre-tierra","status":"publish","type":"post","link":"https:\/\/edublog.educastur.es\/aulasverdes\/2022\/04\/22\/dia-de-la-madre-tierra\/","title":{"rendered":"D\u00eda de la Madre Tierra"},"content":{"rendered":"<p><span style=\"font-family: arial, helvetica, sans-serif;font-size: 14pt\">El d\u00eda 22 de abril, es el <span style=\"font-family: 'arial black', sans-serif\">D\u00eda de la Madre Tierra<\/span> en todo el mundo.<\/span><\/p>\n<p><span style=\"font-family: arial, helvetica, sans-serif;font-size: 14pt\">Este d\u00eda es para pensar que tenemos cuidar m\u00e1s de nuestro planeta.<\/span><\/p>\n<p><span style=\"font-family: 'arial black', sans-serif;font-size: 14pt\">\u00bfQu\u00e9 podemos hacer?<\/span><\/p>\n<ul>\n<li><span style=\"font-family: arial, helvetica, sans-serif;font-size: 14pt\">Reciclar, Reutilizar y Reducir<\/span><\/li>\n<li><span style=\"font-family: arial, helvetica, sans-serif;font-size: 14pt\">Usar con responsabilidad el agua y la luz<\/span><\/li>\n<li><span style=\"font-family: arial, helvetica, sans-serif;font-size: 14pt\">Respetar a los seres vivos<\/span><\/li>\n<\/ul>\n<p><span style=\"font-family: arial, helvetica, sans-serif;font-size: 14pt\">Tambi\u00e9n queremos compartir una presentaci\u00f3n sobre la Guerra que ha realizado nuestro compa\u00f1ero Loic, para que no nos olvidemos que en la tierra hoy en d\u00eda hay guerras y conflictos.\u00a0<\/span><\/p>\n<p><span style=\"font-family: arial, helvetica, sans-serif;font-size: 14pt\"><a href=\"https:\/\/view.genial.ly\/6249842efd635a0019b85e13\" target=\"_blank\" rel=\"noopener\">Pulsa para ver la presentaci\u00f3n sobre la Guerra en Ucrania<\/a><\/span><\/p>\n<p>&nbsp;<\/p>\n","protected":false},"excerpt":{"rendered":"<p>El d\u00eda 22 de abril, es el D\u00eda de la Madre Tierra en todo el mundo. Este d\u00eda es para pensar que tenemos cuidar m\u00e1s de nuestro planeta. \u00bfQu\u00e9 podemos hacer? Reciclar, Reutilizar y Reducir Usar con responsabilidad el agua y la luz Respetar a los seres vivos Tambi\u00e9n queremos compartir una presentaci\u00f3n sobre la [&hellip;]<\/p>\n","protected":false},"author":917,"featured_media":680,"comment_status":"open","ping_status":"open","sticky":false,"template":"","format":"standard","meta":{"footnotes":""},"categories":[1],"tags":[],"class_list":["post-677","post","type-post","status-publish","format-standard","has-post-thumbnail","hentry","category-sin-categoria"],"_links":{"self":[{"href":"https:\/\/edublog.educastur.es\/aulasverdes\/wp-json\/wp\/v2\/posts\/677","targetHints":{"allow":["GET"]}}],"collection":[{"href":"https:\/\/edublog.educastur.es\/aulasverdes\/wp-json\/wp\/v2\/posts"}],"about":[{"href":"https:\/\/edublog.educastur.es\/aulasverdes\/wp-json\/wp\/v2\/types\/post"}],"author":[{"embeddable":true,"href":"https:\/\/edublog.educastur.es\/aulasverdes\/wp-json\/wp\/v2\/users\/917"}],"replies":[{"embeddable":true,"href":"https:\/\/edublog.educastur.es\/aulasverdes\/wp-json\/wp\/v2\/comments?post=677"}],"version-history":[{"count":5,"href":"https:\/\/edublog.educastur.es\/aulasverdes\/wp-json\/wp\/v2\/posts\/677\/revisions"}],"predecessor-version":[{"id":682,"href":"https:\/\/edublog.educastur.es\/aulasverdes\/wp-json\/wp\/v2\/posts\/677\/revisions\/682"}],"wp:featuredmedia":[{"embeddable":true,"href":"https:\/\/edublog.educastur.es\/aulasverdes\/wp-json\/wp\/v2\/media\/680"}],"wp:attachment":[{"href":"https:\/\/edublog.educastur.es\/aulasverdes\/wp-json\/wp\/v2\/media?parent=677"}],"wp:term":[{"taxonomy":"category","embeddable":true,"href":"https:\/\/edublog.educastur.es\/aulasverdes\/wp-json\/wp\/v2\/categories?post=677"},{"taxonomy":"post_tag","embeddable":true,"href":"https:\/\/edublog.educastur.es\/aulasverdes\/wp-json\/wp\/v2\/tags?post=677"}],"curies":[{"name":"wp","href":"https:\/\/api.w.org\/{rel}","templated":true}]}}