{"id":685,"date":"2022-04-28T10:08:02","date_gmt":"2022-04-28T10:08:02","guid":{"rendered":"https:\/\/edublog.educastur.es\/aulasverdes\/?p=685"},"modified":"2022-04-28T10:39:17","modified_gmt":"2022-04-28T10:39:17","slug":"aprendiendo-sobre-las-aves","status":"publish","type":"post","link":"https:\/\/edublog.educastur.es\/aulasverdes\/2022\/04\/28\/aprendiendo-sobre-las-aves\/","title":{"rendered":"APRENDIENDO SOBRE LAS AVES"},"content":{"rendered":"<p><span style=\"font-family: arial, helvetica, sans-serif;font-size: 14pt\">El 25 de abril vino el <span style=\"color: #ff6600\">\u201c<strong>Colectivo ornitol\u00f3gico Carbayera de Tragam\u00f3n<\/strong>\u201d<\/span> a realizar un taller en el patio del colegio. La actividad trataba de las aves.<\/span><\/p>\n<p><img loading=\"lazy\" decoding=\"async\" class=\"alignnone wp-image-688\" src=\"http:\/\/edublog.educastur.es\/aulasverdes\/files\/2022\/04\/IMG_20220425_112949-300x225.jpg\" alt=\"\" width=\"265\" height=\"199\" \/>\u00a0<img loading=\"lazy\" decoding=\"async\" class=\"alignnone wp-image-698\" style=\"font-family: arial, helvetica, sans-serif;font-size: 18.6667px\" src=\"http:\/\/edublog.educastur.es\/aulasverdes\/files\/2022\/04\/2-225x300.jpg\" alt=\"\" width=\"150\" height=\"200\" \/><img loading=\"lazy\" decoding=\"async\" class=\"alignnone wp-image-692\" src=\"http:\/\/edublog.educastur.es\/aulasverdes\/files\/2022\/04\/IMG_20220425_113702-300x181.jpg\" alt=\"\" width=\"330\" height=\"199\" \/><\/p>\n<p><span style=\"font-family: arial, helvetica, sans-serif;font-size: 14pt\">Nos ense\u00f1aron diferentes tipos de plumas y de huellas. Tambi\u00e9n vimos fotos de las aves m\u00e1s habituales de Asturias y Gij\u00f3n: gorri\u00f3n, p\u00e1jaro carpintero, cig\u00fce\u00f1a, petirrojo, colirrojo y urraca entre otros.<\/span><\/p>\n<p><img loading=\"lazy\" decoding=\"async\" class=\"alignnone size-medium wp-image-689\" src=\"http:\/\/edublog.educastur.es\/aulasverdes\/files\/2022\/04\/IMG_20220425_113030-300x225.jpg\" alt=\"\" width=\"300\" height=\"225\" \/> <img loading=\"lazy\" decoding=\"async\" class=\"alignnone wp-image-690\" src=\"http:\/\/edublog.educastur.es\/aulasverdes\/files\/2022\/04\/IMG_20220425_115529-225x300.jpg\" alt=\"\" width=\"170\" height=\"226\" \/> <img loading=\"lazy\" decoding=\"async\" class=\"alignnone wp-image-691\" src=\"http:\/\/edublog.educastur.es\/aulasverdes\/files\/2022\/04\/IMG_20220425_115702-225x300.jpg\" alt=\"\" width=\"169\" height=\"225\" \/><\/p>\n<p><span style=\"font-family: arial, helvetica, sans-serif;font-size: 14pt\">Mientras hac\u00edamos la actividad pudimos ver volando sobre nosotros un \u00e1guila que come ratones y un cuervo.<\/span><\/p>\n<p><span style=\"font-family: 'arial black', sans-serif;font-size: 14pt\">Te contamos algunas curiosidades:<\/span><\/p>\n<ul style=\"list-style-type: square\">\n<li><span style=\"color: #ff6600\"><strong><span style=\"font-family: arial, helvetica, sans-serif;font-size: 14pt\">\u00bfSabes por qu\u00e9 los buitres son calvos? <\/span><\/strong><\/span><span style=\"font-family: arial, helvetica, sans-serif;font-size: 14pt\">Para no ensuciarse la cabeza con la carro\u00f1a que comen y no coger enfermedades.<\/span><\/li>\n<li><span style=\"font-family: arial, helvetica, sans-serif;font-size: 14pt\"><strong><span style=\"color: #ff6600\">\u00bfSabes que hay menos gorriones que hace 30 a\u00f1os?\u00a0<\/span><\/strong> Los gorriones necesitan de los humanos para vivir y est\u00e1n desapareciendo de nuestras ciudades.<\/span><\/li>\n<\/ul>\n<p><span style=\"font-size: 14pt\"><span style=\"font-family: arial, helvetica, sans-serif\">Nos gustar\u00eda dar las gracias a la Asociaci\u00f3n y en especial a Armando y Javier por ense\u00f1arnos tantas cosas interesantes sobre las aves<\/span>.\u00a0<\/span><\/p>\n<p>Si quereis conocer un poco m\u00e1s su proyecto. Os dejamos unos enlaces:<\/p>\n<p><a href=\"https:\/\/www.facebook.com\/Colectivo.Ornitologico\/\" target=\"_blank\" rel=\"noopener\">FACEBOOK COLECTIVO ORNITOLOGICO TRAGAMON<\/a><\/p>\n<p><a href=\"https:\/\/avesbotanico.blogspot.com\/?fbclid=IwAR2-VGolb7SJGGxmL0Xb1yeO9FcLthkvhkv_pOpclM8kPFOMZZJ3KizT_1E\" target=\"_blank\" rel=\"noopener\">BLOG AVES JARD\u00cdN BOTANICO<\/a><\/p>\n<p><a href=\"https:\/\/www.instagram.com\/c.o.carbayeradeltragamon\/?fbclid=IwAR214qSxdN1nTGahHCoHiMx-89x9ut39LczRr_JHoAPilBSMthShh3mtIzc\" target=\"_blank\" rel=\"noopener\">INSTAGRAM COLECTIVO ORNITOLOGICO<\/a><\/p>\n<p style=\"text-align: right\"><span style=\"color: #99cc00\"><em><span style=\"font-family: arial, helvetica, sans-serif;font-size: 14pt\">Pulsa en la entrada si quieres poner un comentario. Gracias<\/span><\/em><\/span><\/p>\n","protected":false},"excerpt":{"rendered":"<p>El 25 de abril vino el \u201cColectivo ornitol\u00f3gico Carbayera de Tragam\u00f3n\u201d a realizar un taller en el patio del colegio. La actividad trataba de las aves. \u00a0 Nos ense\u00f1aron diferentes tipos de plumas y de huellas. Tambi\u00e9n vimos fotos de las aves m\u00e1s habituales de Asturias y Gij\u00f3n: gorri\u00f3n, p\u00e1jaro carpintero, cig\u00fce\u00f1a, petirrojo, colirrojo y [&hellip;]<\/p>\n","protected":false},"author":917,"featured_media":0,"comment_status":"open","ping_status":"open","sticky":false,"template":"","format":"standard","meta":{"footnotes":""},"categories":[12,14],"tags":[],"class_list":["post-685","post","type-post","status-publish","format-standard","hentry","category-dias-especiales","category-noticias"],"_links":{"self":[{"href":"https:\/\/edublog.educastur.es\/aulasverdes\/wp-json\/wp\/v2\/posts\/685","targetHints":{"allow":["GET"]}}],"collection":[{"href":"https:\/\/edublog.educastur.es\/aulasverdes\/wp-json\/wp\/v2\/posts"}],"about":[{"href":"https:\/\/edublog.educastur.es\/aulasverdes\/wp-json\/wp\/v2\/types\/post"}],"author":[{"embeddable":true,"href":"https:\/\/edublog.educastur.es\/aulasverdes\/wp-json\/wp\/v2\/users\/917"}],"replies":[{"embeddable":true,"href":"https:\/\/edublog.educastur.es\/aulasverdes\/wp-json\/wp\/v2\/comments?post=685"}],"version-history":[{"count":8,"href":"https:\/\/edublog.educastur.es\/aulasverdes\/wp-json\/wp\/v2\/posts\/685\/revisions"}],"predecessor-version":[{"id":703,"href":"https:\/\/edublog.educastur.es\/aulasverdes\/wp-json\/wp\/v2\/posts\/685\/revisions\/703"}],"wp:attachment":[{"href":"https:\/\/edublog.educastur.es\/aulasverdes\/wp-json\/wp\/v2\/media?parent=685"}],"wp:term":[{"taxonomy":"category","embeddable":true,"href":"https:\/\/edublog.educastur.es\/aulasverdes\/wp-json\/wp\/v2\/categories?post=685"},{"taxonomy":"post_tag","embeddable":true,"href":"https:\/\/edublog.educastur.es\/aulasverdes\/wp-json\/wp\/v2\/tags?post=685"}],"curies":[{"name":"wp","href":"https:\/\/api.w.org\/{rel}","templated":true}]}}