{"id":739,"date":"2022-05-16T07:17:57","date_gmt":"2022-05-16T07:17:57","guid":{"rendered":"https:\/\/edublog.educastur.es\/aulasverdes\/?p=739"},"modified":"2022-05-17T19:47:24","modified_gmt":"2022-05-17T19:47:24","slug":"familias-senderistas-4-2","status":"publish","type":"post","link":"https:\/\/edublog.educastur.es\/aulasverdes\/2022\/05\/16\/familias-senderistas-4-2\/","title":{"rendered":"FAMILIAS SENDERISTAS 4"},"content":{"rendered":"<p><span style=\"font-family: arial, helvetica, sans-serif;font-size: 14pt\">Luis y su familia salen a caminar muchos fines de semanas y han querido compartir con nosotros de nuevo algunas de las rutas de senderismo que han realizado \u00faltimamente. \u00a0<\/span><\/p>\n<p><span style=\"font-family: arial, helvetica, sans-serif;font-size: 14pt\">Os animamos a que teng\u00e1is un mayor contacto con la naturaleza, siempre respetuoso.<\/span><\/p>\n<p><span style=\"font-family: arial, helvetica, sans-serif;font-size: 14pt\">El senderismo, ir a un parque o a la playa pueden ser actividades muy gratificantes para todos y todas.\u00a0<\/span><\/p>\n<p><img loading=\"lazy\" decoding=\"async\" class=\"aligncenter wp-image-745 size-medium\" src=\"http:\/\/edublog.educastur.es\/aulasverdes\/files\/2022\/05\/VALLINA2-e1652816823948-300x165.jpg\" alt=\"\" width=\"300\" height=\"165\" \/><\/p>\n<p><!--more--><\/p>\n<p><span style=\"font-family: 'arial black', sans-serif;font-size: 14pt\">1.Vallina. Concejo de Siero<\/span><\/p>\n<p><img loading=\"lazy\" decoding=\"async\" class=\" wp-image-726 alignleft\" src=\"http:\/\/edublog.educastur.es\/aulasverdes\/files\/2022\/05\/VALLINA1-225x300.jpg\" alt=\"\" width=\"197\" height=\"263\" \/><\/p>\n<table>\n<tbody>\n<tr>\n<td width=\"189\"><span style=\"font-family: arial, helvetica, sans-serif;font-size: 14pt\">Distancia<\/span><\/td>\n<td width=\"189\"><span style=\"font-family: arial, helvetica, sans-serif;font-size: 14pt\">12,4 km<\/span><\/td>\n<\/tr>\n<tr>\n<td width=\"189\"><span style=\"font-family: arial, helvetica, sans-serif;font-size: 14pt\">Dificultad t\u00e9cnica<\/span><\/td>\n<td width=\"189\"><span style=\"font-family: arial, helvetica, sans-serif;font-size: 14pt\">Moderado<\/span><\/td>\n<\/tr>\n<tr>\n<td width=\"189\"><span style=\"font-family: arial, helvetica, sans-serif;font-size: 14pt\">Tipo de ruta<\/span><\/td>\n<td width=\"189\"><span style=\"font-family: arial, helvetica, sans-serif;font-size: 14pt\">Circular<\/span><\/td>\n<\/tr>\n<\/tbody>\n<\/table>\n<p><em style=\"font-family: arial, helvetica, sans-serif;font-size: 14pt\">Para sa<\/em><span style=\"font-family: arial, helvetica, sans-serif;font-size: 14pt\"><em>ber m\u00e1s detalles sobre esta ruta pincha este enlace: <\/em><\/span><\/p>\n<p><a href=\"https:\/\/es.wikiloc.com\/rutas-senderismo\/vallina-concejo-de-siero-102193940\" target=\"_blank\" rel=\"noopener\">PULSA PARA VER RUTA WIKILOC<\/a><\/p>\n<p><span style=\"font-family: arial, helvetica, sans-serif;font-size: 14pt\"><strong>2. SENDA DEL TRANQUERU. CONCEJO DE CARRE\u00d1O<\/strong><\/span><\/p>\n<p><img loading=\"lazy\" decoding=\"async\" class=\" wp-image-725 alignleft\" src=\"http:\/\/edublog.educastur.es\/aulasverdes\/files\/2022\/05\/TANQUERU2-300x225.jpg\" alt=\"\" width=\"269\" height=\"202\" \/><\/p>\n<table>\n<tbody>\n<tr>\n<td width=\"189\"><span style=\"font-family: arial, helvetica, sans-serif;font-size: 14pt\">Distancia<\/span><\/td>\n<td width=\"189\"><span style=\"font-family: arial, helvetica, sans-serif;font-size: 14pt\">9,72 km<\/span><\/td>\n<\/tr>\n<tr>\n<td width=\"189\"><span style=\"font-family: arial, helvetica, sans-serif;font-size: 14pt\">Dificultad t\u00e9cnica<\/span><\/td>\n<td width=\"189\"><span style=\"font-family: arial, helvetica, sans-serif;font-size: 14pt\">Moderado<\/span><\/td>\n<\/tr>\n<tr>\n<td width=\"189\"><span style=\"font-family: arial, helvetica, sans-serif;font-size: 14pt\">Tipo de ruta<\/span><\/td>\n<td width=\"189\"><span style=\"font-family: arial, helvetica, sans-serif;font-size: 14pt\">Circular<\/span><\/td>\n<\/tr>\n<\/tbody>\n<\/table>\n<p><span style=\"font-family: arial, helvetica, sans-serif;font-size: 14pt\"><em>Para saber m\u00e1s detalles sobre esta ruta pincha este enlace: <\/em><\/span><\/p>\n<p><a href=\"https:\/\/es.wikiloc.com\/rutas-senderismo\/concejo-de-carreno-iglesia-de-prendes-senda-del-tranqueru-ii-101702377\" target=\"_blank\" rel=\"noopener\">PULSA PARA VER RUTA WIKILOC<\/a><\/p>\n<p><span style=\"font-family: arial, helvetica, sans-serif;font-size: 14pt\"><strong>3. BERNUECES. CONCEJO DE GIJ\u00d3N.\u00a0\u00a0<\/strong><\/span><\/p>\n<p><img loading=\"lazy\" decoding=\"async\" class=\"size-medium wp-image-719 alignleft\" src=\"http:\/\/edublog.educastur.es\/aulasverdes\/files\/2022\/05\/BERNUECE1-300x225.jpg\" alt=\"\" width=\"300\" height=\"225\" \/><\/p>\n<table>\n<tbody>\n<tr>\n<td width=\"189\"><span style=\"font-family: arial, helvetica, sans-serif;font-size: 14pt\">Distancia<\/span><\/td>\n<td width=\"189\"><span style=\"font-family: arial, helvetica, sans-serif;font-size: 14pt\">10,02 km<\/span><\/td>\n<\/tr>\n<tr>\n<td width=\"189\"><span style=\"font-family: arial, helvetica, sans-serif;font-size: 14pt\">Dificultad t\u00e9cnica<\/span><\/td>\n<td width=\"189\"><span style=\"font-family: arial, helvetica, sans-serif;font-size: 14pt\">Moderada<\/span><\/td>\n<\/tr>\n<tr>\n<td width=\"189\"><span style=\"font-family: arial, helvetica, sans-serif;font-size: 14pt\">Tipo de ruta<\/span><\/td>\n<td width=\"189\"><span style=\"font-family: arial, helvetica, sans-serif;font-size: 14pt\">Circular<\/span><\/td>\n<\/tr>\n<\/tbody>\n<\/table>\n<p><span style=\"font-family: arial, helvetica, sans-serif;font-size: 14pt\"><em>\u00a0<\/em><\/span><span style=\"font-family: arial, helvetica, sans-serif;font-size: 14pt\"><em>Para saber m\u00e1s detalles sobre esta ruta pincha este enlace: <\/em><\/span><\/p>\n<p><span style=\"font-family: arial, helvetica, sans-serif;font-size: 14pt\"><em><a href=\"https:\/\/es.wikiloc.com\/rutas-senderismo\/concejo-de-gijon-bernueces-101479629\" target=\"_blank\" rel=\"noopener\">PULSA PARA VER RUTA WIKILOC<\/a><\/em><\/span><\/p>\n<p><span style=\"font-family: 'arial black', sans-serif\"><span style=\"font-size: 14pt\"><em>\u00a0<\/em><\/span><\/span><span style=\"font-family: 'arial black', sans-serif\"><span style=\"font-size: 14pt\"><em>4. MONTE DEVA<\/em><\/span><\/span><\/p>\n<p><em style=\"font-family: arial, helvetica, sans-serif;font-size: 18.6667px\"><img loading=\"lazy\" decoding=\"async\" class=\"size-medium wp-image-722 alignleft\" src=\"http:\/\/edublog.educastur.es\/aulasverdes\/files\/2022\/05\/MONTE-DEVA1-225x300.jpg\" alt=\"\" width=\"225\" height=\"300\" \/><\/em><\/p>\n<table style=\"width: 39.7785%\">\n<tbody>\n<tr>\n<td style=\"width: 49.2308%\" width=\"189\"><span style=\"font-family: arial, helvetica, sans-serif;font-size: 14pt\">Distancia<\/span><\/td>\n<td style=\"width: 49.2308%\" width=\"189\"><span style=\"font-family: arial, helvetica, sans-serif;font-size: 14pt\">7,40 km<\/span><\/td>\n<\/tr>\n<tr>\n<td style=\"width: 49.2308%\" width=\"189\"><span style=\"font-family: arial, helvetica, sans-serif;font-size: 14pt\">Dificultad t\u00e9cnica<\/span><\/td>\n<td style=\"width: 49.2308%\" width=\"189\"><span style=\"font-family: arial, helvetica, sans-serif;font-size: 14pt\">Moderada<\/span><\/td>\n<\/tr>\n<tr>\n<td style=\"width: 49.2308%\" width=\"189\"><span style=\"font-family: arial, helvetica, sans-serif;font-size: 14pt\">Tipo de ruta<\/span><\/td>\n<td style=\"width: 49.2308%\" width=\"189\"><span style=\"font-family: arial, helvetica, sans-serif;font-size: 14pt\">Circular<\/span><\/td>\n<\/tr>\n<\/tbody>\n<\/table>\n<p>&nbsp;<\/p>\n<p><em style=\"font-family: arial, helvetica, sans-serif;font-size: 14pt\">Para saber m\u00e1s detalles sobre esta ruta pincha este enlace:<\/em><\/p>\n<p><span style=\"font-family: arial, helvetica, sans-serif;font-size: 14pt\"><em><a href=\"https:\/\/es.wikiloc.com\/rutas-senderismo\/concejo-de-gijon-bernueces-101479629\" target=\"_blank\" rel=\"noopener\">PULSA PARA VER RUTA WIKILOC<\/a><\/em><\/span><\/p>\n<p>&nbsp;<\/p>\n<p><span style=\"font-family: 'arial black', sans-serif\"><span style=\"font-size: 14pt\"><em>5. CORVERA. CANCIENES<\/em><\/span><\/span><\/p>\n<p><span style=\"font-family: arial, helvetica, sans-serif;font-size: 14pt\"><em> <img loading=\"lazy\" decoding=\"async\" class=\" wp-image-721 alignleft\" src=\"http:\/\/edublog.educastur.es\/aulasverdes\/files\/2022\/05\/CORVERA1-225x300.jpg\" alt=\"\" width=\"191\" height=\"255\" \/><\/em><\/span><\/p>\n<table style=\"width: 39.7785%\">\n<tbody>\n<tr>\n<td style=\"width: 49.2308%\" width=\"189\"><span style=\"font-family: arial, helvetica, sans-serif;font-size: 14pt\">Distancia<\/span><\/td>\n<td style=\"width: 49.2308%\" width=\"189\"><span style=\"font-family: arial, helvetica, sans-serif;font-size: 14pt\">7,73 km<\/span><\/td>\n<\/tr>\n<tr>\n<td style=\"width: 49.2308%\" width=\"189\"><span style=\"font-family: arial, helvetica, sans-serif;font-size: 14pt\">Dificultad t\u00e9cnica<\/span><\/td>\n<td style=\"width: 49.2308%\" width=\"189\"><span style=\"font-family: arial, helvetica, sans-serif;font-size: 14pt\">Moderada<\/span><\/td>\n<\/tr>\n<tr>\n<td style=\"width: 49.2308%\" width=\"189\"><span style=\"font-family: arial, helvetica, sans-serif;font-size: 14pt\">Tipo de ruta<\/span><\/td>\n<td style=\"width: 49.2308%\" width=\"189\"><span style=\"font-family: arial, helvetica, sans-serif;font-size: 14pt\">Circular<\/span><\/td>\n<\/tr>\n<\/tbody>\n<\/table>\n<p><span style=\"font-family: arial, helvetica, sans-serif;font-size: 14pt\"><em>Para saber m\u00e1s detalles sobre esta ruta pincha este enlace: <\/em><\/span><\/p>\n<p><span style=\"font-family: arial, helvetica, sans-serif;font-size: 14pt\"><em><a href=\"https:\/\/es.wikiloc.com\/rutas-senderismo\/corvera-cancienes-69356579\" target=\"_blank\" rel=\"noopener\">PULSA PARA VER RUTA WIKILOC<\/a><\/em><\/span><\/p>\n<p>&nbsp;<\/p>\n<p><span style=\"font-family: 'arial black', sans-serif\"><span style=\"font-size: 14pt\"><em>6. SAN PABLO.<\/em><\/span><\/span><\/p>\n<p><span style=\"font-family: arial, helvetica, sans-serif;font-size: 14pt\"><em> <img loading=\"lazy\" decoding=\"async\" class=\" wp-image-724 alignleft\" src=\"http:\/\/edublog.educastur.es\/aulasverdes\/files\/2022\/05\/SAN-PABLO1-225x300.jpg\" alt=\"\" width=\"201\" height=\"268\" \/><\/em><\/span><\/p>\n<table style=\"width: 39.7785%\">\n<tbody>\n<tr>\n<td style=\"width: 49.2308%\" width=\"189\"><span style=\"font-family: arial, helvetica, sans-serif;font-size: 14pt\">Distancia<\/span><\/td>\n<td style=\"width: 49.2308%\" width=\"189\"><span style=\"font-family: arial, helvetica, sans-serif;font-size: 14pt\">7,9 km<\/span><\/td>\n<\/tr>\n<tr>\n<td style=\"width: 49.2308%\" width=\"189\"><span style=\"font-family: arial, helvetica, sans-serif;font-size: 14pt\">Dificultad t\u00e9cnica<\/span><\/td>\n<td style=\"width: 49.2308%\" width=\"189\"><span style=\"font-family: arial, helvetica, sans-serif;font-size: 14pt\">Moderada<\/span><\/td>\n<\/tr>\n<tr>\n<td style=\"width: 49.2308%\" width=\"189\"><span style=\"font-family: arial, helvetica, sans-serif;font-size: 14pt\">Tipo de ruta<\/span><\/td>\n<td style=\"width: 49.2308%\" width=\"189\"><span style=\"font-family: arial, helvetica, sans-serif;font-size: 14pt\">Circular<\/span><\/td>\n<\/tr>\n<\/tbody>\n<\/table>\n<p><span style=\"font-family: arial, helvetica, sans-serif;font-size: 14pt\"><em>Para saber m\u00e1s detalles sobre esta ruta pincha este enlace: <\/em><\/span><\/p>\n<p><span style=\"font-family: arial, helvetica, sans-serif;font-size: 14pt\"><em><a href=\"https:\/\/es.wikiloc.com\/rutas-senderismo\/san-pablo-98477324\" target=\"_blank\" rel=\"noopener\">PULSA PARA VER RUTA WIKILOC<\/a><\/em><\/span><\/p>\n<p>&nbsp;<\/p>\n<p><span style=\"font-family: 'arial black', sans-serif\"><span style=\"font-size: 14pt\"><em>7. CABO NEGRO. CONCEJO DE GOZ\u00d3N<\/em><\/span><\/span><\/p>\n<p><span style=\"font-family: arial, helvetica, sans-serif;font-size: 14pt\"><em> <img loading=\"lazy\" decoding=\"async\" class=\" wp-image-720 alignleft\" src=\"http:\/\/edublog.educastur.es\/aulasverdes\/files\/2022\/05\/CABO-NEGRO-225x300.jpg\" alt=\"\" width=\"195\" height=\"260\" \/><\/em><\/span><\/p>\n<table style=\"width: 39.7785%\">\n<tbody>\n<tr>\n<td style=\"width: 49.2308%\" width=\"189\"><span style=\"font-family: arial, helvetica, sans-serif;font-size: 14pt\">Distancia<\/span><\/td>\n<td style=\"width: 49.2308%\" width=\"189\"><span style=\"font-family: arial, helvetica, sans-serif;font-size: 14pt\">10,62 km<\/span><\/td>\n<\/tr>\n<tr>\n<td style=\"width: 49.2308%\" width=\"189\"><span style=\"font-family: arial, helvetica, sans-serif;font-size: 14pt\">Dificultad t\u00e9cnica<\/span><\/td>\n<td style=\"width: 49.2308%\" width=\"189\"><span style=\"font-family: arial, helvetica, sans-serif;font-size: 14pt\">Moderada<\/span><\/td>\n<\/tr>\n<tr>\n<td style=\"width: 49.2308%\" width=\"189\"><span style=\"font-family: arial, helvetica, sans-serif;font-size: 14pt\">Tipo de ruta<\/span><\/td>\n<td style=\"width: 49.2308%\" width=\"189\"><span style=\"font-family: arial, helvetica, sans-serif;font-size: 14pt\">Circular<\/span><\/td>\n<\/tr>\n<\/tbody>\n<\/table>\n<p><span style=\"font-family: arial, helvetica, sans-serif;font-size: 14pt\"><em>Para saber m\u00e1s detalles sobre esta ruta pincha este enlace: <\/em><\/span><\/p>\n<p><span style=\"font-family: arial, helvetica, sans-serif;font-size: 14pt\"><em><a href=\"https:\/\/es.wikiloc.com\/rutas-senderismo\/concejo-de-gozon-manzaneda-cabo-negro-97942625\" target=\"_blank\" rel=\"noopener\">PULSA PARA VER RUTA WIKILOC<\/a><\/em><\/span><\/p>\n<p><span style=\"font-family: arial, helvetica, sans-serif;font-size: 14pt\"><em>\u00a0<\/em><\/span><span style=\"font-family: arial, helvetica, sans-serif;font-size: 14pt\">*<em>Nota: Las rutas propuestas pueden sufrir modificaciones de la que no somos responsables. <\/em><\/span><\/p>\n<p><span style=\"font-family: arial, helvetica, sans-serif;font-size: 14pt\"><em>Recordar adem\u00e1s que cuando salimos a caminar, es muy importante consultar la previsi\u00f3n meteorol\u00f3gica, ir con un calzado y ropa adecuada, seguir por la ruta trazada y llevarnos de vuelta todos nuestros residuos. <\/em><\/span><\/p>\n<p><em>\u00a0<\/em><\/p>\n","protected":false},"excerpt":{"rendered":"<p>Luis y su familia salen a caminar muchos fines de semanas y han querido compartir con nosotros de nuevo algunas de las rutas de senderismo que han realizado \u00faltimamente. \u00a0 Os animamos a que teng\u00e1is un mayor contacto con la naturaleza, siempre respetuoso. El senderismo, ir a un parque o a la playa pueden ser [&hellip;]<\/p>\n","protected":false},"author":917,"featured_media":0,"comment_status":"open","ping_status":"open","sticky":false,"template":"","format":"standard","meta":{"footnotes":""},"categories":[11,15],"tags":[],"class_list":["post-739","post","type-post","status-publish","format-standard","hentry","category-familias","category-rutas-senderismo"],"_links":{"self":[{"href":"https:\/\/edublog.educastur.es\/aulasverdes\/wp-json\/wp\/v2\/posts\/739","targetHints":{"allow":["GET"]}}],"collection":[{"href":"https:\/\/edublog.educastur.es\/aulasverdes\/wp-json\/wp\/v2\/posts"}],"about":[{"href":"https:\/\/edublog.educastur.es\/aulasverdes\/wp-json\/wp\/v2\/types\/post"}],"author":[{"embeddable":true,"href":"https:\/\/edublog.educastur.es\/aulasverdes\/wp-json\/wp\/v2\/users\/917"}],"replies":[{"embeddable":true,"href":"https:\/\/edublog.educastur.es\/aulasverdes\/wp-json\/wp\/v2\/comments?post=739"}],"version-history":[{"count":3,"href":"https:\/\/edublog.educastur.es\/aulasverdes\/wp-json\/wp\/v2\/posts\/739\/revisions"}],"predecessor-version":[{"id":746,"href":"https:\/\/edublog.educastur.es\/aulasverdes\/wp-json\/wp\/v2\/posts\/739\/revisions\/746"}],"wp:attachment":[{"href":"https:\/\/edublog.educastur.es\/aulasverdes\/wp-json\/wp\/v2\/media?parent=739"}],"wp:term":[{"taxonomy":"category","embeddable":true,"href":"https:\/\/edublog.educastur.es\/aulasverdes\/wp-json\/wp\/v2\/categories?post=739"},{"taxonomy":"post_tag","embeddable":true,"href":"https:\/\/edublog.educastur.es\/aulasverdes\/wp-json\/wp\/v2\/tags?post=739"}],"curies":[{"name":"wp","href":"https:\/\/api.w.org\/{rel}","templated":true}]}}