{"id":787,"date":"2022-06-17T11:46:43","date_gmt":"2022-06-17T11:46:43","guid":{"rendered":"https:\/\/edublog.educastur.es\/aulasverdes\/?p=787"},"modified":"2022-06-17T11:46:43","modified_gmt":"2022-06-17T11:46:43","slug":"familias-senderistas-5","status":"publish","type":"post","link":"https:\/\/edublog.educastur.es\/aulasverdes\/2022\/06\/17\/familias-senderistas-5\/","title":{"rendered":"FAMILIAS SENDERISTAS 5"},"content":{"rendered":"<p><span style=\"font-family: arial, helvetica, sans-serif;font-size: 14pt\">Estas son las ultimas rutas de senderismo que Luis y su familia han realizado.\u00a0<\/span><\/p>\n<p><span style=\"font-family: arial, helvetica, sans-serif;font-size: 14pt\">Les damos las gracias a esta familia caminante por haber compartido con nosotros todos sus paseos por la naturaleza.<\/span><\/p>\n<p><span style=\"font-family: arial, helvetica, sans-serif;font-size: 14pt\">En estas ocasiones vieron animales y sobre todo muchas flores, de muchos colores, escribirnos en comentarios los colores de las flores o los nombres de las que conozc\u00e1is.\u00a0\u00a0<\/span><\/p>\n<p><img loading=\"lazy\" decoding=\"async\" class=\"size-medium wp-image-791 aligncenter\" src=\"http:\/\/edublog.educastur.es\/aulasverdes\/files\/2022\/06\/mosaico-de-flores-300x300.jpg\" alt=\"\" width=\"300\" height=\"300\" \/><\/p>\n<p>&nbsp;<\/p>\n<p><!--more--><\/p>\n<p><span style=\"font-family: 'arial black', sans-serif;font-size: 14pt\">1.Otero-Mu\u00f1\u00f3. Concejo de Siero<\/span><\/p>\n<p><img loading=\"lazy\" decoding=\"async\" class=\"wp-image-793 size-medium alignleft\" src=\"http:\/\/edublog.educastur.es\/aulasverdes\/files\/2022\/06\/muno-e1655017806389-300x187.jpg\" alt=\"\" width=\"300\" height=\"187\" \/><\/p>\n<table>\n<tbody>\n<tr>\n<td width=\"189\"><span style=\"font-family: arial, helvetica, sans-serif;font-size: 14pt\">Distancia<\/span><\/td>\n<td width=\"189\"><span style=\"font-family: arial, helvetica, sans-serif;font-size: 14pt\">9,33 km<\/span><\/td>\n<\/tr>\n<tr>\n<td width=\"189\"><span style=\"font-family: arial, helvetica, sans-serif;font-size: 14pt\">Dificultad t\u00e9cnica<\/span><\/td>\n<td width=\"189\"><span style=\"font-family: arial, helvetica, sans-serif;font-size: 14pt\">Moderado<\/span><\/td>\n<\/tr>\n<tr>\n<td width=\"189\"><span style=\"font-family: arial, helvetica, sans-serif;font-size: 14pt\">Tipo de ruta<\/span><\/td>\n<td width=\"189\"><span style=\"font-family: arial, helvetica, sans-serif;font-size: 14pt\">Circular<\/span><\/td>\n<\/tr>\n<\/tbody>\n<\/table>\n<p><em style=\"font-family: arial, helvetica, sans-serif;font-size: 14pt\">Para sa<\/em><span style=\"font-family: arial, helvetica, sans-serif;font-size: 14pt\"><em>ber m\u00e1s detalles sobre esta ruta pincha este enlace: <\/em><\/span><\/p>\n<p><a href=\"https:\/\/es.wikiloc.com\/rutas-senderismo\/otero-muno-iv-concejo-de-siero-bano-de-bosque-104770524\" target=\"_blank\" rel=\"noopener\">PULSA PARA VER RUTA WIKILOC<\/a><\/p>\n<p><span style=\"font-family: arial, helvetica, sans-serif;font-size: 14pt\"><strong>2. TIROCO DE ABAJO. CONCEJO DE SIERO<\/strong><\/span><\/p>\n<p><img loading=\"lazy\" decoding=\"async\" class=\"wp-image-795 alignleft\" src=\"http:\/\/edublog.educastur.es\/aulasverdes\/files\/2022\/06\/TIROCO-300x225.jpg\" alt=\"\" width=\"219\" height=\"164\" \/><\/p>\n<table>\n<tbody>\n<tr>\n<td width=\"189\"><span style=\"font-family: arial, helvetica, sans-serif;font-size: 14pt\">Distancia<\/span><\/td>\n<td width=\"189\"><span style=\"font-family: arial, helvetica, sans-serif;font-size: 14pt\">12,41 km<\/span><\/td>\n<\/tr>\n<tr>\n<td width=\"189\"><span style=\"font-family: arial, helvetica, sans-serif;font-size: 14pt\">Dificultad t\u00e9cnica<\/span><\/td>\n<td width=\"189\"><span style=\"font-family: arial, helvetica, sans-serif;font-size: 14pt\">Moderado<\/span><\/td>\n<\/tr>\n<tr>\n<td width=\"189\"><span style=\"font-family: arial, helvetica, sans-serif;font-size: 14pt\">Tipo de ruta<\/span><\/td>\n<td width=\"189\"><span style=\"font-family: arial, helvetica, sans-serif;font-size: 14pt\">Circular<\/span><\/td>\n<\/tr>\n<\/tbody>\n<\/table>\n<p><span style=\"font-family: arial, helvetica, sans-serif;font-size: 14pt\"><em>Para saber m\u00e1s detalles sobre esta ruta pincha este enlace: <\/em><\/span><\/p>\n<p><a href=\"https:\/\/es.wikiloc.com\/rutas-senderismo\/concejo-de-siero-valdesoto-oeste-tiroco-de-abajo-104119606\" target=\"_blank\" rel=\"noopener\">PULSA PARA VER RUTA WIKILOC<\/a><\/p>\n<p><span style=\"font-family: arial, helvetica, sans-serif;font-size: 14pt\"><strong>3. PRIANES. CONCEJO DE OVIEDO\u00a0<\/strong><\/span><\/p>\n<p><strong style=\"font-family: arial, helvetica, sans-serif;font-size: 18.6667px\"><img loading=\"lazy\" decoding=\"async\" class=\"wp-image-794 alignleft\" src=\"http:\/\/edublog.educastur.es\/aulasverdes\/files\/2022\/06\/PRIANES-225x300.jpg\" alt=\"\" width=\"167\" height=\"223\" \/><\/strong><\/p>\n<table>\n<tbody>\n<tr>\n<td width=\"189\"><span style=\"font-family: arial, helvetica, sans-serif;font-size: 14pt\">Distancia<\/span><\/td>\n<td width=\"189\"><span style=\"font-family: arial, helvetica, sans-serif;font-size: 14pt\">11,81 km<\/span><\/td>\n<\/tr>\n<tr>\n<td width=\"189\"><span style=\"font-family: arial, helvetica, sans-serif;font-size: 14pt\">Dificultad t\u00e9cnica<\/span><\/td>\n<td width=\"189\"><span style=\"font-family: arial, helvetica, sans-serif;font-size: 14pt\">Moderada<\/span><\/td>\n<\/tr>\n<tr>\n<td width=\"189\"><span style=\"font-family: arial, helvetica, sans-serif;font-size: 14pt\">Tipo de ruta<br \/>\n<\/span><\/td>\n<td width=\"189\"><span style=\"font-family: arial, helvetica, sans-serif;font-size: 14pt\">Circular<\/span><\/td>\n<\/tr>\n<\/tbody>\n<\/table>\n<p><span style=\"font-family: arial, helvetica, sans-serif;font-size: 14pt\"><em>\u00a0<\/em><\/span><span style=\"font-family: arial, helvetica, sans-serif;font-size: 14pt\"><em>Para saber m\u00e1s detalles sobre esta ruta pincha este enlace: <\/em><\/span><\/p>\n<p><span style=\"font-family: arial, helvetica, sans-serif;font-size: 14pt\"><em><a href=\"https:\/\/es.wikiloc.com\/rutas-a-pie\/prianes-103504673\" target=\"_blank\" rel=\"noopener\">PULSA PARA VER RUTA WIKILOC<\/a><\/em><\/span><\/p>\n<p><span style=\"color: #ff0000\"><span style=\"font-family: 'arial black', sans-serif\"><span style=\"font-size: 14pt\"><em>\u00a0<\/em><\/span><\/span><\/span><\/p>\n<p><span style=\"color: #000000\"><span style=\"font-family: 'arial black', sans-serif\"><span style=\"font-size: 14pt\">4. Alto la Madera &#8211; San Tirso &#8211; Llantones (Concejos de Gij\u00f3n y de Siero)<\/span><\/span><\/span><\/p>\n<p><img loading=\"lazy\" decoding=\"async\" class=\"size-medium wp-image-799 alignright\" src=\"http:\/\/edublog.educastur.es\/aulasverdes\/files\/2022\/06\/san-tirso-300x225.jpg\" alt=\"\" width=\"300\" height=\"225\" \/><\/p>\n<table style=\"width: 39.7785%\">\n<tbody>\n<tr>\n<td style=\"width: 49.2308%\" width=\"189\"><span style=\"font-family: arial, helvetica, sans-serif;font-size: 14pt\">Distancia<\/span><\/td>\n<td style=\"width: 49.2308%\" width=\"189\"><span style=\"font-family: arial, helvetica, sans-serif;font-size: 14pt\">10,72 km<\/span><\/td>\n<\/tr>\n<tr>\n<td style=\"width: 49.2308%\" width=\"189\"><span style=\"font-family: arial, helvetica, sans-serif;font-size: 14pt\">Dificultad t\u00e9cnica<\/span><\/td>\n<td style=\"width: 49.2308%\" width=\"189\"><span style=\"font-family: arial, helvetica, sans-serif;font-size: 14pt\">Moderada<\/span><\/td>\n<\/tr>\n<tr>\n<td style=\"width: 49.2308%\" width=\"189\"><span style=\"font-family: arial, helvetica, sans-serif;font-size: 14pt\">Tipo de ruta<\/span><\/td>\n<td style=\"width: 49.2308%\" width=\"189\"><span style=\"font-family: arial, helvetica, sans-serif;font-size: 14pt\">Circular<\/span><\/td>\n<\/tr>\n<\/tbody>\n<\/table>\n<p>&nbsp;<\/p>\n<p><em style=\"font-family: arial, helvetica, sans-serif;font-size: 14pt\">Para saber m\u00e1s detalles sobre esta ruta pincha este enlace:<\/em><\/p>\n<p><span style=\"font-family: arial, helvetica, sans-serif;font-size: 14pt\"><em><a href=\"https:\/\/es.wikiloc.com\/rutas-senderismo\/alto-la-madera-san-tirso-llantones-concejos-de-gijon-y-de-siero-105351013\" target=\"_blank\" rel=\"noopener\">PULSA PARA VER RUTA WIKILOC<\/a><\/em><\/span><\/p>\n<p>&nbsp;<\/p>\n<p>&nbsp;<\/p>\n<p><span style=\"font-family: arial, helvetica, sans-serif;font-size: 14pt\"><em>\u00a0<\/em><\/span><span style=\"font-family: arial, helvetica, sans-serif;font-size: 14pt\">*<em>Nota: Las rutas propuestas pueden sufrir modificaciones de la que no somos responsables. <\/em><\/span><\/p>\n<p><span style=\"font-family: arial, helvetica, sans-serif;font-size: 14pt\"><em>Recordar adem\u00e1s que cuando salimos a caminar, es muy importante consultar la previsi\u00f3n meteorol\u00f3gica, ir con un calzado y ropa adecuada, seguir por la ruta trazada y llevarnos de vuelta todos nuestros residuos. <\/em><\/span><\/p>\n<p><em>\u00a0<\/em><\/p>\n","protected":false},"excerpt":{"rendered":"<p>Estas son las ultimas rutas de senderismo que Luis y su familia han realizado.\u00a0 Les damos las gracias a esta familia caminante por haber compartido con nosotros todos sus paseos por la naturaleza. En estas ocasiones vieron animales y sobre todo muchas flores, de muchos colores, escribirnos en comentarios los colores de las flores o [&hellip;]<\/p>\n","protected":false},"author":917,"featured_media":0,"comment_status":"open","ping_status":"open","sticky":false,"template":"","format":"standard","meta":{"footnotes":""},"categories":[11,15],"tags":[],"class_list":["post-787","post","type-post","status-publish","format-standard","hentry","category-familias","category-rutas-senderismo"],"_links":{"self":[{"href":"https:\/\/edublog.educastur.es\/aulasverdes\/wp-json\/wp\/v2\/posts\/787","targetHints":{"allow":["GET"]}}],"collection":[{"href":"https:\/\/edublog.educastur.es\/aulasverdes\/wp-json\/wp\/v2\/posts"}],"about":[{"href":"https:\/\/edublog.educastur.es\/aulasverdes\/wp-json\/wp\/v2\/types\/post"}],"author":[{"embeddable":true,"href":"https:\/\/edublog.educastur.es\/aulasverdes\/wp-json\/wp\/v2\/users\/917"}],"replies":[{"embeddable":true,"href":"https:\/\/edublog.educastur.es\/aulasverdes\/wp-json\/wp\/v2\/comments?post=787"}],"version-history":[{"count":8,"href":"https:\/\/edublog.educastur.es\/aulasverdes\/wp-json\/wp\/v2\/posts\/787\/revisions"}],"predecessor-version":[{"id":801,"href":"https:\/\/edublog.educastur.es\/aulasverdes\/wp-json\/wp\/v2\/posts\/787\/revisions\/801"}],"wp:attachment":[{"href":"https:\/\/edublog.educastur.es\/aulasverdes\/wp-json\/wp\/v2\/media?parent=787"}],"wp:term":[{"taxonomy":"category","embeddable":true,"href":"https:\/\/edublog.educastur.es\/aulasverdes\/wp-json\/wp\/v2\/categories?post=787"},{"taxonomy":"post_tag","embeddable":true,"href":"https:\/\/edublog.educastur.es\/aulasverdes\/wp-json\/wp\/v2\/tags?post=787"}],"curies":[{"name":"wp","href":"https:\/\/api.w.org\/{rel}","templated":true}]}}