{"id":848,"date":"2022-10-07T07:51:43","date_gmt":"2022-10-07T07:51:43","guid":{"rendered":"https:\/\/edublog.educastur.es\/aulasverdes\/?p=848"},"modified":"2022-10-07T09:48:34","modified_gmt":"2022-10-07T09:48:34","slug":"dia-mundial-de-las-aves-migratorias","status":"publish","type":"post","link":"https:\/\/edublog.educastur.es\/aulasverdes\/2022\/10\/07\/dia-mundial-de-las-aves-migratorias\/","title":{"rendered":"DIA MUNDIAL DE LAS AVES MIGRATORIAS"},"content":{"rendered":"<p><span style=\"font-family: arial, helvetica, sans-serif;font-size: 14pt\">El\u00a0<strong>D\u00eda Mundial de las Aves Migratorias\u00a0<\/strong>se celebra cada a\u00f1o en mayo y en octubre, coincidiendo con las dos grandes migraciones de aves en el mundo.<\/span><\/p>\n<p><img loading=\"lazy\" decoding=\"async\" class=\"size-medium wp-image-854 aligncenter\" src=\"http:\/\/edublog.educastur.es\/aulasverdes\/files\/2022\/10\/principales-rutas-migratorias-min-300x215.jpg\" alt=\"\" width=\"300\" height=\"215\" srcset=\"https:\/\/edublog.educastur.es\/aulasverdes\/files\/2022\/10\/principales-rutas-migratorias-min-300x215.jpg 300w, https:\/\/edublog.educastur.es\/aulasverdes\/files\/2022\/10\/principales-rutas-migratorias-min-768x549.jpg 768w, https:\/\/edublog.educastur.es\/aulasverdes\/files\/2022\/10\/principales-rutas-migratorias-min-419x300.jpg 419w, https:\/\/edublog.educastur.es\/aulasverdes\/files\/2022\/10\/principales-rutas-migratorias-min.jpg 780w\" sizes=\"auto, (max-width: 300px) 100vw, 300px\" \/><\/p>\n<p><span style=\"font-family: arial, helvetica, sans-serif;font-size: 14pt\">En nuestro centro la semana que viene haremos actividades especiales y tendremos una visita muy especial, Jose Luis, el abuelo de un compa\u00f1ero nuestro va a venir a hablarnos sobre las <span style=\"font-family: 'arial black', sans-serif\">PALOMAS MENSAJERA<\/span>S, nos va a ense\u00f1ar a cuidarlas y seguro que vamos a aprender muchas cosas sobre ellas.\u00a0<\/span><\/p>\n<p><img loading=\"lazy\" decoding=\"async\" class=\"size-medium wp-image-855 aligncenter\" src=\"http:\/\/edublog.educastur.es\/aulasverdes\/files\/2022\/10\/IMG-20221004-WA0005-min-300x135.jpg\" alt=\"\" width=\"300\" height=\"135\" \/><\/p>\n<p><!--more--><span style=\"font-family: arial, helvetica, sans-serif;font-size: 14pt\">Si quieres aprender m\u00e1s sobre las aves el <\/span><span style=\"font-family: 'arial black', sans-serif\">COLECTIVO ORNITOL\u00d3GICO DE LA CARVAYEDA DE TRAGAMON <span style=\"font-family: arial, helvetica, sans-serif\">realiza<\/span><\/span><span style=\"font-family: arial, helvetica, sans-serif;font-size: 14pt\">\u00a0muchas actividades gratuitas y para todos los p\u00fablicos durante el a\u00f1o en Gij\u00f3n, por ejemplo este domingo 9 de Octubre tienen una visita para ver aves en el Jard\u00edn Bot\u00e1nico.\u00a0\u00a0<\/span><\/p>\n<p><strong><span style=\"color: #ff6600\"><a style=\"color: #ff6600\" href=\"https:\/\/www.gijon.es\/es\/eventos?etiquetas=Bot%C3%A1nico\">P\u00c1GINA WEB JARDIN BOT\u00c1NICO DE GIJ\u00d3N<\/a><\/span><\/strong><\/p>\n<p><span style=\"font-family: arial, helvetica, sans-serif;font-size: 14pt\">Aqu\u00ed abajo ten\u00e9is en enlace con una presentaci\u00f3n con videos, pasatiempos y canciones todo sobre las aves. Esperamos que os guste.\u00a0<\/span><\/p>\n<p><strong><span style=\"color: #ff6600\"><a style=\"color: #ff6600\" href=\"https:\/\/view.genial.ly\/632878a7160bc70018f20bbe\/interactive-content-tablero-de-actividades-dia-de-las-aves\">ENLACE PRESENTACI\u00d3N DIA DE LAS AVES<\/a><\/span><\/strong><\/p>\n<p>&nbsp;<\/p>\n<p><iframe class=\"wp-embedded-content\" sandbox=\"allow-scripts\" security=\"restricted\" title=\"TABLERO DE ACTIVIDADES DIA DE LAS AVES\" frameborder='0' width='1200' height='675' src='https:\/\/view.genial.ly\/632878a7160bc70018f20bbe#?secret=FpE0fT45Cp' data-secret='FpE0fT45Cp' scrolling='yes'><\/iframe><\/p>\n<p>&nbsp;<\/p>\n","protected":false},"excerpt":{"rendered":"<p>El\u00a0D\u00eda Mundial de las Aves Migratorias\u00a0se celebra cada a\u00f1o en mayo y en octubre, coincidiendo con las dos grandes migraciones de aves en el mundo. En nuestro centro la semana que viene haremos actividades especiales y tendremos una visita muy especial, Jose Luis, el abuelo de un compa\u00f1ero nuestro va a venir a hablarnos sobre [&hellip;]<\/p>\n","protected":false},"author":917,"featured_media":853,"comment_status":"open","ping_status":"open","sticky":false,"template":"","format":"standard","meta":{"footnotes":""},"categories":[12],"tags":[],"class_list":["post-848","post","type-post","status-publish","format-standard","has-post-thumbnail","hentry","category-dias-especiales"],"_links":{"self":[{"href":"https:\/\/edublog.educastur.es\/aulasverdes\/wp-json\/wp\/v2\/posts\/848","targetHints":{"allow":["GET"]}}],"collection":[{"href":"https:\/\/edublog.educastur.es\/aulasverdes\/wp-json\/wp\/v2\/posts"}],"about":[{"href":"https:\/\/edublog.educastur.es\/aulasverdes\/wp-json\/wp\/v2\/types\/post"}],"author":[{"embeddable":true,"href":"https:\/\/edublog.educastur.es\/aulasverdes\/wp-json\/wp\/v2\/users\/917"}],"replies":[{"embeddable":true,"href":"https:\/\/edublog.educastur.es\/aulasverdes\/wp-json\/wp\/v2\/comments?post=848"}],"version-history":[{"count":6,"href":"https:\/\/edublog.educastur.es\/aulasverdes\/wp-json\/wp\/v2\/posts\/848\/revisions"}],"predecessor-version":[{"id":857,"href":"https:\/\/edublog.educastur.es\/aulasverdes\/wp-json\/wp\/v2\/posts\/848\/revisions\/857"}],"wp:featuredmedia":[{"embeddable":true,"href":"https:\/\/edublog.educastur.es\/aulasverdes\/wp-json\/wp\/v2\/media\/853"}],"wp:attachment":[{"href":"https:\/\/edublog.educastur.es\/aulasverdes\/wp-json\/wp\/v2\/media?parent=848"}],"wp:term":[{"taxonomy":"category","embeddable":true,"href":"https:\/\/edublog.educastur.es\/aulasverdes\/wp-json\/wp\/v2\/categories?post=848"},{"taxonomy":"post_tag","embeddable":true,"href":"https:\/\/edublog.educastur.es\/aulasverdes\/wp-json\/wp\/v2\/tags?post=848"}],"curies":[{"name":"wp","href":"https:\/\/api.w.org\/{rel}","templated":true}]}}