{"id":906,"date":"2022-11-15T09:21:29","date_gmt":"2022-11-15T09:21:29","guid":{"rendered":"https:\/\/edublog.educastur.es\/aulasverdes\/?p=906"},"modified":"2022-11-18T08:39:48","modified_gmt":"2022-11-18T08:39:48","slug":"maguestu","status":"publish","type":"post","link":"https:\/\/edublog.educastur.es\/aulasverdes\/2022\/11\/15\/maguestu\/","title":{"rendered":"MAG\u00dcESTU"},"content":{"rendered":"<p><span style=\"font-family: arial, helvetica, sans-serif;font-size: 14pt\">El <strong>viernes 28 de octubre<\/strong> celebramos en el colegio el Mag\u00fcestu.\u00a0<\/span><\/p>\n<p><span style=\"font-family: arial, helvetica, sans-serif;font-size: 14pt\">Nos acompa\u00f1aron los miembros de la <strong>Asociaci\u00f3n Cultural Esbilla<\/strong>, Daniel y <a href=\"https:\/\/www.facebook.com\/david.varela.581?__cft__%5b0%5d=AZUFwAJUzcV4yvsMHQSWYiiEWhvoGWYKF7CvBALHCzeLlHdp2avgEG4_fvxL8rF4ixtooeNiT2caeGfPHvVvgmwq-frxOiHxaW6VnirYelkQh8WbjRSdn5KQdHqKFjqMTpPLburWQlENb2bGjQHny-BdvQ8r15XrQYExFJJhfal1iw&amp;__tn__=-%5dK-R\">David Varela Blanco. <\/a><\/span><\/p>\n<p><img loading=\"lazy\" decoding=\"async\" class=\"size-medium wp-image-917 aligncenter\" src=\"http:\/\/edublog.educastur.es\/aulasverdes\/files\/2022\/11\/IMG_20221114_155927-300x300.jpg\" alt=\"\" width=\"300\" height=\"300\" srcset=\"https:\/\/edublog.educastur.es\/aulasverdes\/files\/2022\/11\/IMG_20221114_155927-300x300.jpg 300w, https:\/\/edublog.educastur.es\/aulasverdes\/files\/2022\/11\/IMG_20221114_155927-1024x1024.jpg 1024w, https:\/\/edublog.educastur.es\/aulasverdes\/files\/2022\/11\/IMG_20221114_155927-150x150.jpg 150w, https:\/\/edublog.educastur.es\/aulasverdes\/files\/2022\/11\/IMG_20221114_155927-768x768.jpg 768w, https:\/\/edublog.educastur.es\/aulasverdes\/files\/2022\/11\/IMG_20221114_155927-1536x1536.jpg 1536w, https:\/\/edublog.educastur.es\/aulasverdes\/files\/2022\/11\/IMG_20221114_155927-85x85.jpg 85w, https:\/\/edublog.educastur.es\/aulasverdes\/files\/2022\/11\/IMG_20221114_155927-1000x1000.jpg 1000w, https:\/\/edublog.educastur.es\/aulasverdes\/files\/2022\/11\/IMG_20221114_155927.jpg 1564w\" sizes=\"auto, (max-width: 300px) 100vw, 300px\" \/><\/p>\n<p><span style=\"font-family: arial, helvetica, sans-serif;font-size: 14pt\">Nos ense\u00f1aron muchos instrumentos tradicionales asturianos.<\/span><\/p>\n<p><img loading=\"lazy\" decoding=\"async\" class=\" wp-image-920 alignleft\" src=\"http:\/\/edublog.educastur.es\/aulasverdes\/files\/2022\/11\/instrumentos-300x169.jpg\" alt=\"\" width=\"241\" height=\"136\" \/><img loading=\"lazy\" decoding=\"async\" class=\"wp-image-918 aligncenter\" src=\"http:\/\/edublog.educastur.es\/aulasverdes\/files\/2022\/11\/IMG_20221114_160015-e1668439420449-300x193.jpg\" alt=\"\" width=\"233\" height=\"150\" \/><\/p>\n<p><span style=\"font-family: arial, helvetica, sans-serif;font-size: 14pt\"> Despu\u00e9s comimos casta\u00f1as asadas, y bailamos con su m\u00fasica. <\/span><\/p>\n<p><img loading=\"lazy\" decoding=\"async\" class=\"wp-image-916 size-medium aligncenter\" src=\"http:\/\/edublog.educastur.es\/aulasverdes\/files\/2022\/11\/castaneras-scaled-e1668439814873-300x242.jpg\" alt=\"\" width=\"300\" height=\"242\" srcset=\"https:\/\/edublog.educastur.es\/aulasverdes\/files\/2022\/11\/castaneras-scaled-e1668439814873-300x242.jpg 300w, https:\/\/edublog.educastur.es\/aulasverdes\/files\/2022\/11\/castaneras-scaled-e1668439814873-1024x826.jpg 1024w, https:\/\/edublog.educastur.es\/aulasverdes\/files\/2022\/11\/castaneras-scaled-e1668439814873-768x619.jpg 768w, https:\/\/edublog.educastur.es\/aulasverdes\/files\/2022\/11\/castaneras-scaled-e1668439814873-1536x1238.jpg 1536w, https:\/\/edublog.educastur.es\/aulasverdes\/files\/2022\/11\/castaneras-scaled-e1668439814873-2048x1651.jpg 2048w, https:\/\/edublog.educastur.es\/aulasverdes\/files\/2022\/11\/castaneras-scaled-e1668439814873-1000x806.jpg 1000w, https:\/\/edublog.educastur.es\/aulasverdes\/files\/2022\/11\/castaneras-scaled-e1668439814873-372x300.jpg 372w\" sizes=\"auto, (max-width: 300px) 100vw, 300px\" \/><\/p>\n<p><span style=\"font-family: arial, helvetica, sans-serif;font-size: 14pt\">\u00a1\u00a1Lo pasamos muy bien!!.<\/span><\/p>\n<p><span style=\"font-family: arial, helvetica, sans-serif;font-size: 14pt\">A continuaci\u00f3n, os vamos a contar un poco sobre el Mag\u00fcestu.<\/span><\/p>\n<p><!--more--><\/p>\n<p><span style=\"font-family: arial, helvetica, sans-serif;font-size: 14pt\"><strong>\u00bfQu\u00e9 significa?<\/strong><\/span><\/p>\n<p><span style=\"font-family: arial, helvetica, sans-serif;font-size: 14pt\">En bable significa asar casta\u00f1as.\u00a0<\/span><\/p>\n<p><img loading=\"lazy\" decoding=\"async\" class=\"size-medium wp-image-919 aligncenter\" src=\"http:\/\/edublog.educastur.es\/aulasverdes\/files\/2022\/11\/IMG_20221114_160116-300x300.jpg\" alt=\"\" width=\"300\" height=\"300\" \/><\/p>\n<p><span style=\"font-family: arial, helvetica, sans-serif;font-size: 14pt\"><strong>\u00bfCu\u00e1ndo se celebra?<\/strong><\/span><\/p>\n<p><span style=\"font-family: arial, helvetica, sans-serif;font-size: 14pt\">A finales de octubre y en noviembre.<\/span><\/p>\n<p><span style=\"font-family: arial, helvetica, sans-serif;font-size: 14pt\"><strong>\u00bfPor qu\u00e9 se celebra?<\/strong><\/span><\/p>\n<p><span style=\"font-family: arial, helvetica, sans-serif;font-size: 14pt\">Para dar la bienvenida al invierno y celebrar la recogida de las cosechas.<\/span><\/p>\n<p><span style=\"font-family: arial, helvetica, sans-serif;font-size: 14pt\"><strong>\u00bfEn qu\u00e9 consiste?\u00a0<\/strong><\/span><\/p>\n<p><span style=\"font-family: arial, helvetica, sans-serif;font-size: 14pt\">Es una fiesta en la que comemos casta\u00f1as asadas, bebemos sidra dulce, bailamos la danza prima y jugamos a juegos tradicionales. Este video pod\u00e9is ver algunos de ellos.\u00a0<\/span><\/p>\n<p><a href=\"https:\/\/educastur.sharepoint.com\/:v:\/r\/sites\/ClaustroCastiello\/Documentos%20compartidos\/AULAS%20VERDES\/RETOS%20CERTIFICADOS%20PRIMER%20TRIMESTRE\/JUEGOS%20TRADICIONALES.mp4?csf=1&amp;web=1&amp;e=UeeGkX\">PULSA PARA VER EL VIDEO JUEGOS TRADICIONALES<\/a><\/p>\n<p><span style=\"font-family: arial, helvetica, sans-serif;font-size: 14pt\">Esperemos que hay\u00e1is pasado un Feliz Mag\u00fcestu.<\/span><\/p>\n<p><span style=\"font-family: arial, helvetica, sans-serif;font-size: 14pt\">Un saludo. <\/span><span style=\"font-family: arial, helvetica, sans-serif;font-size: 14pt\">La chica y los chicos de Programa.<\/span><\/p>\n","protected":false},"excerpt":{"rendered":"<p>El viernes 28 de octubre celebramos en el colegio el Mag\u00fcestu.\u00a0 Nos acompa\u00f1aron los miembros de la Asociaci\u00f3n Cultural Esbilla, Daniel y David Varela Blanco. Nos ense\u00f1aron muchos instrumentos tradicionales asturianos. Despu\u00e9s comimos casta\u00f1as asadas, y bailamos con su m\u00fasica. \u00a1\u00a1Lo pasamos muy bien!!. A continuaci\u00f3n, os vamos a contar un poco sobre el Mag\u00fcestu.<\/p>\n","protected":false},"author":917,"featured_media":0,"comment_status":"open","ping_status":"open","sticky":false,"template":"","format":"standard","meta":{"footnotes":""},"categories":[1],"tags":[],"class_list":["post-906","post","type-post","status-publish","format-standard","hentry","category-sin-categoria"],"_links":{"self":[{"href":"https:\/\/edublog.educastur.es\/aulasverdes\/wp-json\/wp\/v2\/posts\/906","targetHints":{"allow":["GET"]}}],"collection":[{"href":"https:\/\/edublog.educastur.es\/aulasverdes\/wp-json\/wp\/v2\/posts"}],"about":[{"href":"https:\/\/edublog.educastur.es\/aulasverdes\/wp-json\/wp\/v2\/types\/post"}],"author":[{"embeddable":true,"href":"https:\/\/edublog.educastur.es\/aulasverdes\/wp-json\/wp\/v2\/users\/917"}],"replies":[{"embeddable":true,"href":"https:\/\/edublog.educastur.es\/aulasverdes\/wp-json\/wp\/v2\/comments?post=906"}],"version-history":[{"count":8,"href":"https:\/\/edublog.educastur.es\/aulasverdes\/wp-json\/wp\/v2\/posts\/906\/revisions"}],"predecessor-version":[{"id":933,"href":"https:\/\/edublog.educastur.es\/aulasverdes\/wp-json\/wp\/v2\/posts\/906\/revisions\/933"}],"wp:attachment":[{"href":"https:\/\/edublog.educastur.es\/aulasverdes\/wp-json\/wp\/v2\/media?parent=906"}],"wp:term":[{"taxonomy":"category","embeddable":true,"href":"https:\/\/edublog.educastur.es\/aulasverdes\/wp-json\/wp\/v2\/categories?post=906"},{"taxonomy":"post_tag","embeddable":true,"href":"https:\/\/edublog.educastur.es\/aulasverdes\/wp-json\/wp\/v2\/tags?post=906"}],"curies":[{"name":"wp","href":"https:\/\/api.w.org\/{rel}","templated":true}]}}