{"id":936,"date":"2022-11-25T08:26:14","date_gmt":"2022-11-25T08:26:14","guid":{"rendered":"https:\/\/edublog.educastur.es\/aulasverdes\/?p=936"},"modified":"2022-11-25T08:26:14","modified_gmt":"2022-11-25T08:26:14","slug":"semana-europea-de-la-prevencion-de-residuos-textiles","status":"publish","type":"post","link":"https:\/\/edublog.educastur.es\/aulasverdes\/2022\/11\/25\/semana-europea-de-la-prevencion-de-residuos-textiles\/","title":{"rendered":"SEMANA EUROPEA DE LA PREVENCION DE RESIDUOS TEXTILES"},"content":{"rendered":"<p><img loading=\"lazy\" decoding=\"async\" class=\"size-medium wp-image-937 aligncenter\" style=\"font-family: arial, helvetica, sans-serif;font-size: 18.6667px\" src=\"http:\/\/edublog.educastur.es\/aulasverdes\/files\/2022\/11\/cartel-216x300.jpg\" alt=\"\" width=\"216\" height=\"300\" \/><\/p>\n<p><span style=\"font-family: arial, helvetica, sans-serif;font-size: 14pt\">Desde la Patrulla del reciclaje han propuesto a la comunidad educativa la recogida de ropa y retales para dar una segunda vida a la ropa que ya no nos ponemos.<\/span><br \/>\n<span style=\"font-family: arial, helvetica, sans-serif;font-size: 14pt\">Con esa ropa haremos muchas actividades:<\/span><\/p>\n<ul>\n<li><span style=\"font-family: arial, helvetica, sans-serif;font-size: 14pt\">Clasificar la r<\/span><span style=\"font-family: arial, helvetica, sans-serif;font-size: 14pt\">opa, separando la <\/span><span style=\"font-family: arial, helvetica, sans-serif;font-size: 14pt\">que est\u00e9 en buen estado. <\/span><\/li>\n<li><span style=\"font-family: arial, helvetica, sans-serif;font-size: 14pt\">La lavaremos, doblaremos y clasificaremos para poder donarla.<\/span><\/li>\n<li><span style=\"font-family: arial, helvetica, sans-serif;font-size: 14pt\">Buscaremos informaci\u00f3n sobre los puntos de donaci\u00f3n de ropa en Gij\u00f3n.<\/span><\/li>\n<li><span style=\"font-family: arial, helvetica, sans-serif;font-size: 14pt\">Con los retales y ropa que est\u00e9 en peor estado, haremos la campa\u00f1a \u00a1Esta Navidad tiene tela! Que consiste en realizar adornos navide\u00f1os.<\/span><\/li>\n<\/ul>\n<p><span style=\"font-family: arial, helvetica, sans-serif;font-size: 14pt\">#eww2022#EWWRAsturias<\/span><\/p>\n<p><img loading=\"lazy\" decoding=\"async\" class=\"size-medium wp-image-938 aligncenter\" src=\"http:\/\/edublog.educastur.es\/aulasverdes\/files\/2022\/11\/ETIQUETA-ROPA_page-0001-300x208.jpg\" alt=\"\" width=\"300\" height=\"208\" \/><\/p>\n<p><span style=\"font-family: arial, helvetica, sans-serif;font-size: 14pt\">Para m\u00e1s informaci\u00f3n:<\/span><br \/>\n<span style=\"font-family: arial, helvetica, sans-serif;font-size: 14pt\">https:\/\/www.cogersa.es\/metaspace\/portal\/14498\/19237<\/span><\/p>\n","protected":false},"excerpt":{"rendered":"<p>Desde la Patrulla del reciclaje han propuesto a la comunidad educativa la recogida de ropa y retales para dar una segunda vida a la ropa que ya no nos ponemos. Con esa ropa haremos muchas actividades: Clasificar la ropa, separando la que est\u00e9 en buen estado. La lavaremos, doblaremos y clasificaremos para poder donarla. Buscaremos [&hellip;]<\/p>\n","protected":false},"author":917,"featured_media":0,"comment_status":"open","ping_status":"open","sticky":false,"template":"","format":"standard","meta":{"footnotes":""},"categories":[12,4,5,11,14],"tags":[],"class_list":["post-936","post","type-post","status-publish","format-standard","hentry","category-dias-especiales","category-escuela-3r","category-experiencias","category-familias","category-noticias"],"_links":{"self":[{"href":"https:\/\/edublog.educastur.es\/aulasverdes\/wp-json\/wp\/v2\/posts\/936","targetHints":{"allow":["GET"]}}],"collection":[{"href":"https:\/\/edublog.educastur.es\/aulasverdes\/wp-json\/wp\/v2\/posts"}],"about":[{"href":"https:\/\/edublog.educastur.es\/aulasverdes\/wp-json\/wp\/v2\/types\/post"}],"author":[{"embeddable":true,"href":"https:\/\/edublog.educastur.es\/aulasverdes\/wp-json\/wp\/v2\/users\/917"}],"replies":[{"embeddable":true,"href":"https:\/\/edublog.educastur.es\/aulasverdes\/wp-json\/wp\/v2\/comments?post=936"}],"version-history":[{"count":1,"href":"https:\/\/edublog.educastur.es\/aulasverdes\/wp-json\/wp\/v2\/posts\/936\/revisions"}],"predecessor-version":[{"id":941,"href":"https:\/\/edublog.educastur.es\/aulasverdes\/wp-json\/wp\/v2\/posts\/936\/revisions\/941"}],"wp:attachment":[{"href":"https:\/\/edublog.educastur.es\/aulasverdes\/wp-json\/wp\/v2\/media?parent=936"}],"wp:term":[{"taxonomy":"category","embeddable":true,"href":"https:\/\/edublog.educastur.es\/aulasverdes\/wp-json\/wp\/v2\/categories?post=936"},{"taxonomy":"post_tag","embeddable":true,"href":"https:\/\/edublog.educastur.es\/aulasverdes\/wp-json\/wp\/v2\/tags?post=936"}],"curies":[{"name":"wp","href":"https:\/\/api.w.org\/{rel}","templated":true}]}}