{"id":971,"date":"2022-12-08T14:31:28","date_gmt":"2022-12-08T14:31:28","guid":{"rendered":"https:\/\/edublog.educastur.es\/aulasverdes\/?p=971"},"modified":"2022-12-08T14:37:10","modified_gmt":"2022-12-08T14:37:10","slug":"campana-de-navidad","status":"publish","type":"post","link":"https:\/\/edublog.educastur.es\/aulasverdes\/2022\/12\/08\/campana-de-navidad\/","title":{"rendered":"CAMPA\u00d1A DE NAVIDAD"},"content":{"rendered":"<p><span style=\"font-family: arial, helvetica, sans-serif;font-size: 14pt\">Con motivo de la llegada de la Navidad, en nuestro cole estamos decorando con adornos muy sostenibles.<\/span><\/p>\n<p><span style=\"font-family: arial, helvetica, sans-serif;font-size: 14pt\"> Este a\u00f1o hemos realizado muchos con materiales naturales o reutilizados para que sean mucho m\u00e1s respetuosos con el medio ambiente<\/span><\/p>\n<p><span style=\"font-family: arial, helvetica, sans-serif;font-size: 14pt\">As\u00ed ayudamos a nuestro planeta generando menos residuos y usando menos materiales pl\u00e1sticos.<\/span><\/p>\n<p><span style=\"font-family: arial, helvetica, sans-serif;font-size: 14pt\">Os animamos a todos y todas a ser m\u00e1s responsables a la hora de decorar vuestras clases o vuestras casas.\u00a0<\/span><\/p>\n<p><span style=\"font-family: arial, helvetica, sans-serif;font-size: 14pt\"><img loading=\"lazy\" decoding=\"async\" class=\" wp-image-974 aligncenter\" src=\"http:\/\/edublog.educastur.es\/aulasverdes\/files\/2022\/12\/Poster-\u00bfComo-cuidar-el-Medio-Ambiente-1_redimensionar-300x212.png\" alt=\"\" width=\"384\" height=\"272\" \/> <\/span><\/p>\n<p><span style=\"font-family: 'arial black', sans-serif\">Pr\u00f3ximamente os mostraremos como est\u00e1 decorado nuestro cole.\u00a0\u00a0<\/span><\/p>\n","protected":false},"excerpt":{"rendered":"<p>Con motivo de la llegada de la Navidad, en nuestro cole estamos decorando con adornos muy sostenibles. Este a\u00f1o hemos realizado muchos con materiales naturales o reutilizados para que sean mucho m\u00e1s respetuosos con el medio ambiente As\u00ed ayudamos a nuestro planeta generando menos residuos y usando menos materiales pl\u00e1sticos. Os animamos a todos y [&hellip;]<\/p>\n","protected":false},"author":917,"featured_media":0,"comment_status":"open","ping_status":"open","sticky":false,"template":"","format":"standard","meta":{"footnotes":""},"categories":[12,4,19],"tags":[],"class_list":["post-971","post","type-post","status-publish","format-standard","hentry","category-dias-especiales","category-escuela-3r","category-ods"],"_links":{"self":[{"href":"https:\/\/edublog.educastur.es\/aulasverdes\/wp-json\/wp\/v2\/posts\/971","targetHints":{"allow":["GET"]}}],"collection":[{"href":"https:\/\/edublog.educastur.es\/aulasverdes\/wp-json\/wp\/v2\/posts"}],"about":[{"href":"https:\/\/edublog.educastur.es\/aulasverdes\/wp-json\/wp\/v2\/types\/post"}],"author":[{"embeddable":true,"href":"https:\/\/edublog.educastur.es\/aulasverdes\/wp-json\/wp\/v2\/users\/917"}],"replies":[{"embeddable":true,"href":"https:\/\/edublog.educastur.es\/aulasverdes\/wp-json\/wp\/v2\/comments?post=971"}],"version-history":[{"count":5,"href":"https:\/\/edublog.educastur.es\/aulasverdes\/wp-json\/wp\/v2\/posts\/971\/revisions"}],"predecessor-version":[{"id":979,"href":"https:\/\/edublog.educastur.es\/aulasverdes\/wp-json\/wp\/v2\/posts\/971\/revisions\/979"}],"wp:attachment":[{"href":"https:\/\/edublog.educastur.es\/aulasverdes\/wp-json\/wp\/v2\/media?parent=971"}],"wp:term":[{"taxonomy":"category","embeddable":true,"href":"https:\/\/edublog.educastur.es\/aulasverdes\/wp-json\/wp\/v2\/categories?post=971"},{"taxonomy":"post_tag","embeddable":true,"href":"https:\/\/edublog.educastur.es\/aulasverdes\/wp-json\/wp\/v2\/tags?post=971"}],"curies":[{"name":"wp","href":"https:\/\/api.w.org\/{rel}","templated":true}]}}