{"id":981,"date":"2022-12-09T08:51:56","date_gmt":"2022-12-09T08:51:56","guid":{"rendered":"https:\/\/edublog.educastur.es\/aulasverdes\/?p=981"},"modified":"2022-12-09T08:51:56","modified_gmt":"2022-12-09T08:51:56","slug":"familias-senderistas-2","status":"publish","type":"post","link":"https:\/\/edublog.educastur.es\/aulasverdes\/2022\/12\/09\/familias-senderistas-2\/","title":{"rendered":"FAMILIAS SENDERISTAS"},"content":{"rendered":"<p><span style=\"font-family: arial, helvetica, sans-serif;font-size: 14pt\">Nuestro compa\u00f1ero Luis y su familia hacen senderismo muchos findes de semana.\u00a0<\/span><\/p>\n<p><span style=\"font-family: arial, helvetica, sans-serif;font-size: 14pt\">Van en tren al lugar donde se inicia la ruta, de esta manera no cogen el coche y contaminan menos<\/span>.<\/p>\n<p><span style=\"font-family: arial, helvetica, sans-serif;font-size: 14pt\">Pensamos que esta es una manera de viajar muy respetuosa con nuestro planeta.<\/span><\/p>\n<p><span style=\"font-family: arial, helvetica, sans-serif;font-size: 14pt\">\u00a1\u00a1Gracias por la eco-idea!!!<\/span><\/p>\n<p><span style=\"font-family: arial, helvetica, sans-serif;font-size: 14pt\"><span style=\"font-family: 'arial black', sans-serif;color: #00ff00\">\u00a1\u00a1Resultado del <strong>CONCURSO!!<\/strong><\/span><\/span><\/p>\n<p>Pincha para continuar&#8230;<\/p>\n<p><!--more--><\/p>\n<p><span style=\"font-family: arial, helvetica, sans-serif;font-size: 14pt\">La ultima entrada hicimos un concurso con preguntas sobre las fotos de las rutas de Luis.\u00a0<\/span><\/p>\n<p><a href=\"https:\/\/edublog.educastur.es\/aulasverdes\/2022\/11\/08\/vamos-en-tren\/#more-890\" target=\"_blank\" rel=\"noopener\">ENTRADA ANTERIOR. CONCURSO<\/a><\/p>\n<p><span style=\"font-family: 'arial black', sans-serif\">LAS RESPUESTAS SON:<\/span><\/p>\n<ol>\n<li><span style=\"font-family: arial, helvetica, sans-serif\"><strong>CABALLOS, OVEJAS Y VACAS<\/strong><\/span><\/li>\n<li><span style=\"font-family: arial, helvetica, sans-serif\"><strong>CALABAZAS Y KIWIS<\/strong><\/span><\/li>\n<\/ol>\n<p><span style=\"font-family: arial, helvetica, sans-serif\">LA CLASE GANADORA DEL CONCURSO FUE:\u00a0 <\/span><span style=\"font-family: 'arial black', sans-serif;font-size: 14pt;color: #ff0000\">TVA C<\/span><\/p>\n<p><img loading=\"lazy\" decoding=\"async\" class=\"size-medium wp-image-983 aligncenter\" src=\"http:\/\/edublog.educastur.es\/aulasverdes\/files\/2022\/12\/CONCURSO-1-300x173.jpg\" alt=\"\" width=\"300\" height=\"173\" \/><\/p>\n<p><span style=\"font-family: arial, helvetica, sans-serif;font-size: 14pt\">Estas son las \u00faltimas excursiones que han realizado y que quieren compartir con todos nosotros\/as.<\/span><\/p>\n<p><span style=\"font-family: 'arial black', sans-serif;font-size: 14pt\">1. Pola de Lena- Ermita de la flor<\/span><\/p>\n<p><span style=\"font-family: arial, helvetica, sans-serif;font-size: 14pt\">Vamos con un tren de Renfe.\u00a0<\/span><\/p>\n<p><span style=\"font-family: arial, helvetica, sans-serif;font-size: 14pt\">En la ruta fue muy variada monta\u00f1as, ermitas, caba\u00f1as de pastores, bosques,&#8230;<\/span><\/p>\n<p><img loading=\"lazy\" decoding=\"async\" class=\"alignnone wp-image-989 \" src=\"http:\/\/edublog.educastur.es\/aulasverdes\/files\/2022\/12\/POLA1-e1670530911681-294x300.jpg\" alt=\"\" width=\"186\" height=\"190\" \/> <img loading=\"lazy\" decoding=\"async\" class=\"alignnone wp-image-990\" src=\"http:\/\/edublog.educastur.es\/aulasverdes\/files\/2022\/12\/POLA2-300x225.jpg\" alt=\"\" width=\"255\" height=\"191\" \/><\/p>\n<table style=\"width: 78.9%;height: 140px\">\n<tbody>\n<tr style=\"height: 21px\">\n<td style=\"width: 46.1929%;height: 21px\" width=\"189\"><strong><span style=\"font-family: arial, helvetica, sans-serif;font-size: 14pt\">Distancia<\/span><\/strong><\/td>\n<td style=\"width: 91.7098%;height: 21px\" width=\"189\"><span style=\"font-family: arial, helvetica, sans-serif;font-size: 14pt\">11,76 Km<\/span><\/td>\n<\/tr>\n<tr style=\"height: 69px\">\n<td style=\"width: 46.1929%;height: 69px\" width=\"189\"><strong><span style=\"font-family: arial, helvetica, sans-serif;font-size: 14pt\">Dificultad t\u00e9cnica<\/span><\/strong><\/td>\n<td style=\"width: 91.7098%;height: 69px\" width=\"189\"><span style=\"font-family: arial, helvetica, sans-serif;font-size: 14pt\">Moderado<\/span><\/td>\n<\/tr>\n<tr style=\"height: 50px\">\n<td style=\"width: 46.1929%;height: 50px\" width=\"189\"><span style=\"font-family: arial, helvetica, sans-serif;font-size: 14pt\"><strong>Tipo de ruta<br \/>\n<\/strong><\/span><\/td>\n<td style=\"width: 91.7098%;height: 50px\" width=\"189\"><span style=\"font-family: arial, helvetica, sans-serif;font-size: 14pt\">Circular<\/span><\/td>\n<\/tr>\n<\/tbody>\n<\/table>\n<p><span style=\"font-family: arial, helvetica, sans-serif;font-size: 14pt\"><em>Para saber m\u00e1s detalles y ver m\u00e1s fotos sobre esta ruta pincha este enlace:<\/em><\/span><\/p>\n<p><a href=\"https:\/\/es.wikiloc.com\/rutas-senderismo\/pola-de-lena-ermita-de-la-flor-120014390\" target=\"_blank\" rel=\"noopener\">https:\/\/es.wikiloc.com\/rutas-senderismo\/pola-de-lena-ermita-de-la-flor-120014390<\/a><\/p>\n<p><span style=\"font-family: 'arial black', sans-serif;font-size: 14pt\">2. Regueral-Monteana<\/span><\/p>\n<p><span style=\"font-family: arial, helvetica, sans-serif;font-size: 14pt\">En invierno podemos ver tambi\u00e9n flores muy bonitas.<\/span><\/p>\n<p><span style=\"font-family: arial, helvetica, sans-serif;font-size: 14pt\"> <img loading=\"lazy\" decoding=\"async\" class=\"alignnone wp-image-998\" src=\"http:\/\/edublog.educastur.es\/aulasverdes\/files\/2022\/12\/regueral-3-225x300.jpg\" alt=\"\" width=\"149\" height=\"199\" \/> <img loading=\"lazy\" decoding=\"async\" class=\"alignnone wp-image-999\" src=\"http:\/\/edublog.educastur.es\/aulasverdes\/files\/2022\/12\/regueral-4-225x300.jpg\" alt=\"\" width=\"147\" height=\"196\" \/><\/span><\/p>\n<table style=\"width: 56.0202%;height: 81px\">\n<tbody>\n<tr style=\"height: 27px\">\n<td style=\"height: 27px\" width=\"189\"><span style=\"font-family: arial, helvetica, sans-serif;font-size: 14pt\">Distancia<\/span><\/td>\n<td style=\"height: 27px\" width=\"189\"><span style=\"font-family: arial, helvetica, sans-serif;font-size: 14pt\">14,69 km<\/span><\/td>\n<\/tr>\n<tr style=\"height: 27px\">\n<td style=\"height: 27px\" width=\"189\"><span style=\"font-family: arial, helvetica, sans-serif;font-size: 14pt\">Dificultad t\u00e9cnica<\/span><\/td>\n<td style=\"height: 27px\" width=\"189\"><span style=\"font-family: arial, helvetica, sans-serif;font-size: 14pt\">Moderado<\/span><\/td>\n<\/tr>\n<tr style=\"height: 27px\">\n<td style=\"height: 27px\" width=\"189\"><span style=\"font-family: arial, helvetica, sans-serif;font-size: 14pt\">Tipo de ruta<\/span><\/td>\n<td style=\"height: 27px\" width=\"189\"><span style=\"font-family: arial, helvetica, sans-serif;font-size: 14pt\">Solo ida.\u00a0<\/span><\/td>\n<\/tr>\n<\/tbody>\n<\/table>\n<p><span style=\"font-family: arial, helvetica, sans-serif;font-size: 14pt\"><em>Para saber m\u00e1s detalles y ver m\u00e1s rutas de esta ruta pincha este enlace:<\/em><\/span><\/p>\n<p><a href=\"https:\/\/es.wikiloc.com\/rutas-senderismo\/regueral-monteana-119628051\" target=\"_blank\" rel=\"noopener\">https:\/\/es.wikiloc.com\/rutas-senderismo\/regueral-monteana-119628051<\/a><\/p>\n<p>&nbsp;<\/p>\n<p><span style=\"font-family: arial, helvetica, sans-serif;font-size: 14pt\"><em>\u00a0<\/em><\/span><span style=\"font-family: arial, helvetica, sans-serif;font-size: 14pt\"><em>\u00a0<\/em><\/span><span style=\"font-family: 'arial black', sans-serif;font-size: 14pt\"><strong>3. Pravia<\/strong><\/span><\/p>\n<p><span style=\"font-family: arial, helvetica, sans-serif;font-size: 14pt\">En esta ruta vimos caballos, adem\u00e1s caminaron junto al r\u00edo Narcea y Nal\u00f3n.\u00a0\u00a0<\/span><\/p>\n<p><img loading=\"lazy\" decoding=\"async\" class=\"alignnone wp-image-994 \" src=\"http:\/\/edublog.educastur.es\/aulasverdes\/files\/2022\/12\/pravia1-e1670531657470-300x191.jpg\" alt=\"\" width=\"273\" height=\"174\" \/> <img loading=\"lazy\" decoding=\"async\" class=\"alignnone wp-image-995\" src=\"http:\/\/edublog.educastur.es\/aulasverdes\/files\/2022\/12\/pravia3-300x225.jpg\" alt=\"\" width=\"232\" height=\"174\" \/><\/p>\n<table>\n<tbody>\n<tr>\n<td width=\"189\"><span style=\"font-family: arial, helvetica, sans-serif;font-size: 14pt\">Distancia<\/span><\/td>\n<td width=\"189\"><span style=\"font-family: arial, helvetica, sans-serif;font-size: 14pt\">15,63 km<\/span><\/td>\n<\/tr>\n<tr>\n<td width=\"189\"><span style=\"font-family: arial, helvetica, sans-serif;font-size: 14pt\">Dificultad t\u00e9cnica<\/span><\/td>\n<td width=\"189\"><span style=\"font-family: arial, helvetica, sans-serif;font-size: 14pt\">Moderada<\/span><\/td>\n<\/tr>\n<tr>\n<td width=\"189\"><span style=\"font-family: arial, helvetica, sans-serif;font-size: 14pt\">Tipo de ruta<\/span><\/td>\n<td width=\"189\"><span style=\"font-family: arial, helvetica, sans-serif;font-size: 14pt\">Circular<\/span><\/td>\n<\/tr>\n<\/tbody>\n<\/table>\n<p><span style=\"font-family: arial, helvetica, sans-serif;font-size: 14pt\"><em>Para saber m\u00e1s detalles y ver m\u00e1s fotos sobre esta ruta pincha este enlace: <\/em><\/span><\/p>\n<p><a href=\"https:\/\/es.wikiloc.com\/rutas-senderismo\/pravia-119099982\" target=\"_blank\" rel=\"noopener\">https:\/\/es.wikiloc.com\/rutas-senderismo\/pravia-119099982<\/a><\/p>\n<p><span style=\"font-family: arial, helvetica, sans-serif;font-size: 14pt\"><em>\u00a0<\/em><\/span><span style=\"font-family: arial, helvetica, sans-serif;font-size: 14pt\"><em>\u00a0<\/em><\/span><span style=\"font-family: arial, helvetica, sans-serif;font-size: 14pt\">*<em>Nota: Las rutas propuestas pueden sufrir modificaciones de la que no somos responsables. <\/em><\/span><\/p>\n<p><span style=\"font-family: arial, helvetica, sans-serif;font-size: 14pt\"><em>Recordar adem\u00e1s que cuando salimos a caminar, es muy importante consultar la previsi\u00f3n meteorol\u00f3gica, ir con un calzado y ropa adecuada, seguir por la ruta trazada y llevarnos de vuelta todos nuestros residuos. <\/em><\/span><\/p>\n<p><span style=\"font-family: arial, helvetica, sans-serif;font-size: 14pt\"><em>\u00a0<\/em><\/span><\/p>\n","protected":false},"excerpt":{"rendered":"<p>Nuestro compa\u00f1ero Luis y su familia hacen senderismo muchos findes de semana.\u00a0 Van en tren al lugar donde se inicia la ruta, de esta manera no cogen el coche y contaminan menos. Pensamos que esta es una manera de viajar muy respetuosa con nuestro planeta. \u00a1\u00a1Gracias por la eco-idea!!! \u00a1\u00a1Resultado del CONCURSO!! Pincha para continuar&#8230;<\/p>\n","protected":false},"author":917,"featured_media":0,"comment_status":"open","ping_status":"open","sticky":false,"template":"","format":"standard","meta":{"footnotes":""},"categories":[11,15],"tags":[],"class_list":["post-981","post","type-post","status-publish","format-standard","hentry","category-familias","category-rutas-senderismo"],"_links":{"self":[{"href":"https:\/\/edublog.educastur.es\/aulasverdes\/wp-json\/wp\/v2\/posts\/981","targetHints":{"allow":["GET"]}}],"collection":[{"href":"https:\/\/edublog.educastur.es\/aulasverdes\/wp-json\/wp\/v2\/posts"}],"about":[{"href":"https:\/\/edublog.educastur.es\/aulasverdes\/wp-json\/wp\/v2\/types\/post"}],"author":[{"embeddable":true,"href":"https:\/\/edublog.educastur.es\/aulasverdes\/wp-json\/wp\/v2\/users\/917"}],"replies":[{"embeddable":true,"href":"https:\/\/edublog.educastur.es\/aulasverdes\/wp-json\/wp\/v2\/comments?post=981"}],"version-history":[{"count":6,"href":"https:\/\/edublog.educastur.es\/aulasverdes\/wp-json\/wp\/v2\/posts\/981\/revisions"}],"predecessor-version":[{"id":1001,"href":"https:\/\/edublog.educastur.es\/aulasverdes\/wp-json\/wp\/v2\/posts\/981\/revisions\/1001"}],"wp:attachment":[{"href":"https:\/\/edublog.educastur.es\/aulasverdes\/wp-json\/wp\/v2\/media?parent=981"}],"wp:term":[{"taxonomy":"category","embeddable":true,"href":"https:\/\/edublog.educastur.es\/aulasverdes\/wp-json\/wp\/v2\/categories?post=981"},{"taxonomy":"post_tag","embeddable":true,"href":"https:\/\/edublog.educastur.es\/aulasverdes\/wp-json\/wp\/v2\/tags?post=981"}],"curies":[{"name":"wp","href":"https:\/\/api.w.org\/{rel}","templated":true}]}}