{"id":182,"date":"2025-01-28T19:28:34","date_gmt":"2025-01-28T18:28:34","guid":{"rendered":"https:\/\/edublog.educastur.es\/biblio\/?p=182"},"modified":"2025-01-28T19:28:34","modified_gmt":"2025-01-28T18:28:34","slug":"biblioabrazos-para-la-paz","status":"publish","type":"post","link":"https:\/\/edublog.educastur.es\/biblio\/2025\/01\/biblioabrazos-para-la-paz\/","title":{"rendered":"BIBLIOABRAZOS PARA LA PAZ"},"content":{"rendered":"<p>Pronto se celebrar\u00e1 en muchos centros educativos un d\u00eda tan se\u00f1alado como el d\u00eda de la paz y la no violencia escolar.<\/p>\n<p><a href=\"https:\/\/biblioabrazo.wordpress.com\/2013\/01\/17\/libros-para-la-paz\/\"><img loading=\"lazy\" decoding=\"async\" class=\"size-thumbnail wp-image-183 alignleft\" src=\"http:\/\/edublog.educastur.es\/biblio\/files\/2025\/01\/DIA-DE-LA-PAZ-146x150.jpg\" alt=\"\" width=\"146\" height=\"150\" \/><\/a><\/p>\n<p>Desde Valdelea, os dejamos un enlace lleno de libros con tem\u00e1ticas relacionadas con la paz.<\/p>\n<p>Para el alumnado que nos visite en la sesi\u00f3n de ma\u00f1ana, tendremos dibujos y versos relacionados con la paz. Esperamos preparar una buena exposici\u00f3n con alguna sorpresa..<\/p>\n<p>\u00bfOs anim\u00e1is?<\/p>\n","protected":false},"excerpt":{"rendered":"<p>Pronto se celebrar\u00e1 en muchos centros educativos un d\u00eda tan se\u00f1alado como el d\u00eda de la paz y la no violencia escolar. Desde Valdelea, os dejamos un enlace lleno de libros con tem\u00e1ticas relacionadas con la paz. Para el alumnado que nos visite en la sesi\u00f3n de ma\u00f1ana, tendremos dibujos y versos relacionados con la &hellip; <a href=\"https:\/\/edublog.educastur.es\/biblio\/2025\/01\/biblioabrazos-para-la-paz\/\" class=\"more-link\">Contin\u00faa leyendo <span class=\"screen-reader-text\">BIBLIOABRAZOS PARA LA PAZ<\/span><\/a><\/p>\n","protected":false},"author":171,"featured_media":0,"comment_status":"open","ping_status":"open","sticky":false,"template":"","format":"standard","meta":{"footnotes":""},"categories":[19,20],"tags":[23],"class_list":["post-182","post","type-post","status-publish","format-standard","hentry","category-novedades","category-taller-literario","tag-paz"],"_links":{"self":[{"href":"https:\/\/edublog.educastur.es\/biblio\/wp-json\/wp\/v2\/posts\/182","targetHints":{"allow":["GET"]}}],"collection":[{"href":"https:\/\/edublog.educastur.es\/biblio\/wp-json\/wp\/v2\/posts"}],"about":[{"href":"https:\/\/edublog.educastur.es\/biblio\/wp-json\/wp\/v2\/types\/post"}],"author":[{"embeddable":true,"href":"https:\/\/edublog.educastur.es\/biblio\/wp-json\/wp\/v2\/users\/171"}],"replies":[{"embeddable":true,"href":"https:\/\/edublog.educastur.es\/biblio\/wp-json\/wp\/v2\/comments?post=182"}],"version-history":[{"count":1,"href":"https:\/\/edublog.educastur.es\/biblio\/wp-json\/wp\/v2\/posts\/182\/revisions"}],"predecessor-version":[{"id":184,"href":"https:\/\/edublog.educastur.es\/biblio\/wp-json\/wp\/v2\/posts\/182\/revisions\/184"}],"wp:attachment":[{"href":"https:\/\/edublog.educastur.es\/biblio\/wp-json\/wp\/v2\/media?parent=182"}],"wp:term":[{"taxonomy":"category","embeddable":true,"href":"https:\/\/edublog.educastur.es\/biblio\/wp-json\/wp\/v2\/categories?post=182"},{"taxonomy":"post_tag","embeddable":true,"href":"https:\/\/edublog.educastur.es\/biblio\/wp-json\/wp\/v2\/tags?post=182"}],"curies":[{"name":"wp","href":"https:\/\/api.w.org\/{rel}","templated":true}]}}