{"id":190,"date":"2025-02-09T13:00:06","date_gmt":"2025-02-09T12:00:06","guid":{"rendered":"https:\/\/edublog.educastur.es\/biblio\/?p=190"},"modified":"2025-02-09T13:22:21","modified_gmt":"2025-02-09T12:22:21","slug":"muchisimas-felicidades-lucia","status":"publish","type":"post","link":"https:\/\/edublog.educastur.es\/biblio\/2025\/02\/muchisimas-felicidades-lucia\/","title":{"rendered":"\u00a1MUCH\u00cdSIMAS FELICIDADES LUC\u00cdA!"},"content":{"rendered":"<p style=\"text-align: left\">El pasado viernes 31 de enero, tuvo lugar la entrega de premios convocados por la Asociaci\u00f3n de Escritores de Asturias en el VIII Concurso Regional de Caligramas en el cual participamos con nuestro alumnado y Luc\u00eda del grupo de 4\u00ba A result\u00f3 premiada en la modalidad de asturiano.<\/p>\n<p style=\"text-align: left\">Os dejamos unas im\u00e1genes de la entrega y desde nuestra biblioteca os animamos a seguir escribiendo y leyendo como forma de expresi\u00f3n art\u00edstica y literaria. En nuestra revista trimestral podr\u00e9is ver la entrevista a nuestra alumna premiada.<\/p>\n<p><img loading=\"lazy\" decoding=\"async\" class=\"alignleft size-thumbnail wp-image-193\" src=\"http:\/\/edublog.educastur.es\/biblio\/files\/2025\/02\/WhatsApp-Image-2025-02-03-at-18.09.26-150x150.jpeg\" alt=\"\" width=\"150\" height=\"150\" \/> <img loading=\"lazy\" decoding=\"async\" class=\"alignleft size-thumbnail wp-image-192\" src=\"http:\/\/edublog.educastur.es\/biblio\/files\/2025\/02\/WhatsApp-Image-2025-02-03-at-18.09.27-1-150x150.jpeg\" alt=\"\" width=\"150\" height=\"150\" \/> <img loading=\"lazy\" decoding=\"async\" class=\"alignleft size-thumbnail wp-image-194\" src=\"http:\/\/edublog.educastur.es\/biblio\/files\/2025\/02\/WhatsApp-Image-2025-02-03-at-18.07.58-150x150.jpeg\" alt=\"\" width=\"150\" height=\"150\" srcset=\"https:\/\/edublog.educastur.es\/biblio\/files\/2025\/02\/WhatsApp-Image-2025-02-03-at-18.07.58-150x150.jpeg 150w, https:\/\/edublog.educastur.es\/biblio\/files\/2025\/02\/WhatsApp-Image-2025-02-03-at-18.07.58-330x330.jpeg 330w, https:\/\/edublog.educastur.es\/biblio\/files\/2025\/02\/WhatsApp-Image-2025-02-03-at-18.07.58-96x96.jpeg 96w, https:\/\/edublog.educastur.es\/biblio\/files\/2025\/02\/WhatsApp-Image-2025-02-03-at-18.07.58-1230x1230.jpeg 1230w\" sizes=\"auto, (max-width: 150px) 100vw, 150px\" \/> <img loading=\"lazy\" decoding=\"async\" class=\"alignleft size-thumbnail wp-image-195\" src=\"http:\/\/edublog.educastur.es\/biblio\/files\/2025\/02\/WhatsApp-Image-2025-02-03-at-18.07.57-150x150.jpeg\" alt=\"\" width=\"150\" height=\"150\" \/><\/p>\n","protected":false},"excerpt":{"rendered":"<p>El pasado viernes 31 de enero, tuvo lugar la entrega de premios convocados por la Asociaci\u00f3n de Escritores de Asturias en el VIII Concurso Regional de Caligramas en el cual participamos con nuestro alumnado y Luc\u00eda del grupo de 4\u00ba A result\u00f3 premiada en la modalidad de asturiano. Os dejamos unas im\u00e1genes de la entrega &hellip; <a href=\"https:\/\/edublog.educastur.es\/biblio\/2025\/02\/muchisimas-felicidades-lucia\/\" class=\"more-link\">Contin\u00faa leyendo <span class=\"screen-reader-text\">\u00a1MUCH\u00cdSIMAS FELICIDADES LUC\u00cdA!<\/span><\/a><\/p>\n","protected":false},"author":171,"featured_media":0,"comment_status":"open","ping_status":"open","sticky":false,"template":"","format":"standard","meta":{"footnotes":""},"categories":[19,20],"tags":[],"class_list":["post-190","post","type-post","status-publish","format-standard","hentry","category-novedades","category-taller-literario"],"_links":{"self":[{"href":"https:\/\/edublog.educastur.es\/biblio\/wp-json\/wp\/v2\/posts\/190","targetHints":{"allow":["GET"]}}],"collection":[{"href":"https:\/\/edublog.educastur.es\/biblio\/wp-json\/wp\/v2\/posts"}],"about":[{"href":"https:\/\/edublog.educastur.es\/biblio\/wp-json\/wp\/v2\/types\/post"}],"author":[{"embeddable":true,"href":"https:\/\/edublog.educastur.es\/biblio\/wp-json\/wp\/v2\/users\/171"}],"replies":[{"embeddable":true,"href":"https:\/\/edublog.educastur.es\/biblio\/wp-json\/wp\/v2\/comments?post=190"}],"version-history":[{"count":2,"href":"https:\/\/edublog.educastur.es\/biblio\/wp-json\/wp\/v2\/posts\/190\/revisions"}],"predecessor-version":[{"id":209,"href":"https:\/\/edublog.educastur.es\/biblio\/wp-json\/wp\/v2\/posts\/190\/revisions\/209"}],"wp:attachment":[{"href":"https:\/\/edublog.educastur.es\/biblio\/wp-json\/wp\/v2\/media?parent=190"}],"wp:term":[{"taxonomy":"category","embeddable":true,"href":"https:\/\/edublog.educastur.es\/biblio\/wp-json\/wp\/v2\/categories?post=190"},{"taxonomy":"post_tag","embeddable":true,"href":"https:\/\/edublog.educastur.es\/biblio\/wp-json\/wp\/v2\/tags?post=190"}],"curies":[{"name":"wp","href":"https:\/\/api.w.org\/{rel}","templated":true}]}}