{"id":258,"date":"2025-04-23T19:10:14","date_gmt":"2025-04-23T17:10:14","guid":{"rendered":"https:\/\/edublog.educastur.es\/biblio\/?p=258"},"modified":"2025-04-23T19:10:14","modified_gmt":"2025-04-23T17:10:14","slug":"arrancamos-fuerte-nuestras-jornadas-literarias","status":"publish","type":"post","link":"https:\/\/edublog.educastur.es\/biblio\/2025\/04\/arrancamos-fuerte-nuestras-jornadas-literarias\/","title":{"rendered":"ARRANCAMOS FUERTE NUESTRAS JORNADAS LITERARIAS"},"content":{"rendered":"<p><img loading=\"lazy\" decoding=\"async\" class=\"alignleft size-thumbnail wp-image-259\" src=\"http:\/\/edublog.educastur.es\/biblio\/files\/2025\/04\/20250423_084734-150x150.jpg\" alt=\"\" width=\"150\" height=\"150\" srcset=\"https:\/\/edublog.educastur.es\/biblio\/files\/2025\/04\/20250423_084734-150x150.jpg 150w, https:\/\/edublog.educastur.es\/biblio\/files\/2025\/04\/20250423_084734-330x330.jpg 330w, https:\/\/edublog.educastur.es\/biblio\/files\/2025\/04\/20250423_084734-96x96.jpg 96w, https:\/\/edublog.educastur.es\/biblio\/files\/2025\/04\/20250423_084734-1230x1230.jpg 1230w\" sizes=\"auto, (max-width: 150px) 100vw, 150px\" \/> Empezamos las actividades de nuestra efem\u00e9ride m\u00e1s representativa como Centro Educativo. Durante los pr\u00f3ximos tres d\u00edas dedicaremos un tiempo especial a nuestras actividades literarias.<\/p>\n<p>Como Servicio P\u00fablico, el acceso a la escritura y por tanto a la literatura infantil y juvenil hace que las Jornadas literarias sean una obligaci\u00f3n para dedicar m\u00e1s atenci\u00f3n si cabe al conocimiento lector en todas sus manifestaciones.<\/p>\n<p>Nuestro <span style=\"color: #33cccc\"><strong>\u00abrat\u00f3n de biblioteca\u00bb<\/strong><\/span> abre desde el pasado lunes con un taller de lettering impartido por alumnas de sexto de Primaria para tod@s los que han querido probar su pr\u00e1ctica en esta forma de escritura \u00a1Gracias chicas! \u00a1Hab\u00e9is triunfado llenando nuestro recreo literario de manos impacientes de color!<\/p>\n<p><img loading=\"lazy\" decoding=\"async\" class=\"alignleft size-thumbnail wp-image-261\" src=\"http:\/\/edublog.educastur.es\/biblio\/files\/2025\/04\/20250423_124052-150x150.jpg\" alt=\"\" width=\"150\" height=\"150\" srcset=\"https:\/\/edublog.educastur.es\/biblio\/files\/2025\/04\/20250423_124052-150x150.jpg 150w, https:\/\/edublog.educastur.es\/biblio\/files\/2025\/04\/20250423_124052-330x330.jpg 330w, https:\/\/edublog.educastur.es\/biblio\/files\/2025\/04\/20250423_124052-96x96.jpg 96w\" sizes=\"auto, (max-width: 150px) 100vw, 150px\" \/><\/p>\n<p>&nbsp;<\/p>\n<p><img loading=\"lazy\" decoding=\"async\" class=\"alignleft size-thumbnail wp-image-268\" src=\"http:\/\/edublog.educastur.es\/biblio\/files\/2025\/04\/20250423_123245-1-150x150.jpg\" alt=\"\" width=\"150\" height=\"150\" srcset=\"https:\/\/edublog.educastur.es\/biblio\/files\/2025\/04\/20250423_123245-1-150x150.jpg 150w, https:\/\/edublog.educastur.es\/biblio\/files\/2025\/04\/20250423_123245-1-330x330.jpg 330w, https:\/\/edublog.educastur.es\/biblio\/files\/2025\/04\/20250423_123245-1-96x96.jpg 96w, https:\/\/edublog.educastur.es\/biblio\/files\/2025\/04\/20250423_123245-1-1230x1230.jpg 1230w\" sizes=\"auto, (max-width: 150px) 100vw, 150px\" \/><\/p>\n<p>&nbsp;<\/p>\n<p>&nbsp;<\/p>\n<p>&nbsp;<\/p>\n<p>&nbsp;<\/p>\n<p>Nuestro alumnado de educaci\u00f3n infantil acudi\u00f3 a\u00a0 la entrega de premios del <span style=\"color: #3366ff\"><strong>colegio Don Orione<\/strong><\/span> en el que\u00a0 hab\u00edan participado en la elaboraci\u00f3n de marcap\u00e1ginas.<\/p>\n<p>Tambi\u00e9n en las clas<span style=\"font-size: 16px\">es del ciclo de infantil se llevaron a cabo cuentacuentos realizando dibujos sobre el cuento escuchado.<\/span><\/p>\n<p><span style=\"font-size: 16px\">En las clases\u00a0 del primer ciclo de Primaria, crearon los personajes que protagonizaron los cuentos con plastilina y barro y en el segundo ciclo ten\u00edan que construir otro final de un cuento creado con IA.\u00a0\u00a0<\/span><\/p>\n<p><img loading=\"lazy\" decoding=\"async\" class=\"alignleft wp-image-266\" src=\"http:\/\/edublog.educastur.es\/biblio\/files\/2025\/04\/IMG-20250423-WA0013-150x150.jpg\" alt=\"\" width=\"132\" height=\"132\" srcset=\"https:\/\/edublog.educastur.es\/biblio\/files\/2025\/04\/IMG-20250423-WA0013-150x150.jpg 150w, https:\/\/edublog.educastur.es\/biblio\/files\/2025\/04\/IMG-20250423-WA0013-330x330.jpg 330w, https:\/\/edublog.educastur.es\/biblio\/files\/2025\/04\/IMG-20250423-WA0013-96x96.jpg 96w\" sizes=\"auto, (max-width: 132px) 100vw, 132px\" \/><\/p>\n<p>&nbsp;<\/p>\n<p><img loading=\"lazy\" decoding=\"async\" class=\"wp-image-267 alignleft\" src=\"http:\/\/edublog.educastur.es\/biblio\/files\/2025\/04\/IMG-20250423-WA0016-150x150.jpg\" alt=\"\" width=\"131\" height=\"131\" srcset=\"https:\/\/edublog.educastur.es\/biblio\/files\/2025\/04\/IMG-20250423-WA0016-150x150.jpg 150w, https:\/\/edublog.educastur.es\/biblio\/files\/2025\/04\/IMG-20250423-WA0016-330x330.jpg 330w, https:\/\/edublog.educastur.es\/biblio\/files\/2025\/04\/IMG-20250423-WA0016-96x96.jpg 96w\" sizes=\"auto, (max-width: 131px) 100vw, 131px\" \/><\/p>\n<p>&nbsp;<\/p>\n<p>&nbsp;<\/p>\n<p>&nbsp;<\/p>\n<p>&nbsp;<\/p>\n<p>Rematamos la guinda del d\u00eda con la exposici\u00f3n gr\u00e1fica para el alumnado del tercer ciclo de Primaria con la participaci\u00f3n de Guillermo Men\u00e9ndez Quir\u00f3s como autor de novela gr\u00e1fica destacando dos t\u00edtulos que gracias al AMPA podemos disfrutar en nuestra biblioteca: Ana Mar\u00eda, la Llobera de Asturias ( historia que se desarrolla en Bricia) y otro t\u00edtulo: Cumbres en pie de guerra. La batalla del Mazucu.<\/p>\n<p>\u00a1Gracias Pablo por la gesti\u00f3n!<\/p>\n<p><img loading=\"lazy\" decoding=\"async\" class=\"alignleft size-thumbnail wp-image-264\" src=\"http:\/\/edublog.educastur.es\/biblio\/files\/2025\/04\/20250423_145332-150x150.jpg\" alt=\"\" width=\"150\" height=\"150\" srcset=\"https:\/\/edublog.educastur.es\/biblio\/files\/2025\/04\/20250423_145332-150x150.jpg 150w, https:\/\/edublog.educastur.es\/biblio\/files\/2025\/04\/20250423_145332-330x330.jpg 330w, https:\/\/edublog.educastur.es\/biblio\/files\/2025\/04\/20250423_145332-96x96.jpg 96w\" sizes=\"auto, (max-width: 150px) 100vw, 150px\" \/> <img loading=\"lazy\" decoding=\"async\" class=\"alignleft size-thumbnail wp-image-263\" src=\"http:\/\/edublog.educastur.es\/biblio\/files\/2025\/04\/20250423_145321-150x150.jpg\" alt=\"\" width=\"150\" height=\"150\" srcset=\"https:\/\/edublog.educastur.es\/biblio\/files\/2025\/04\/20250423_145321-150x150.jpg 150w, https:\/\/edublog.educastur.es\/biblio\/files\/2025\/04\/20250423_145321-330x330.jpg 330w, https:\/\/edublog.educastur.es\/biblio\/files\/2025\/04\/20250423_145321-96x96.jpg 96w\" sizes=\"auto, (max-width: 150px) 100vw, 150px\" \/> <img loading=\"lazy\" decoding=\"async\" class=\"alignleft size-thumbnail wp-image-265\" src=\"http:\/\/edublog.educastur.es\/biblio\/files\/2025\/04\/IMG-20250423-WA0010-150x150.jpg\" alt=\"\" width=\"150\" height=\"150\" srcset=\"https:\/\/edublog.educastur.es\/biblio\/files\/2025\/04\/IMG-20250423-WA0010-150x150.jpg 150w, https:\/\/edublog.educastur.es\/biblio\/files\/2025\/04\/IMG-20250423-WA0010-330x330.jpg 330w, https:\/\/edublog.educastur.es\/biblio\/files\/2025\/04\/IMG-20250423-WA0010-96x96.jpg 96w\" sizes=\"auto, (max-width: 150px) 100vw, 150px\" \/><\/p>\n<p>&nbsp;<\/p>\n<p>&nbsp;<\/p>\n<p>&nbsp;<\/p>\n<p>&nbsp;<\/p>\n<p><span style=\"font-size: 24px;color: #99cc00\"><strong>\u00a1Ma\u00f1ana m\u00e1sssssss!<\/strong><\/span><\/p>\n","protected":false},"excerpt":{"rendered":"<p>Empezamos las actividades de nuestra efem\u00e9ride m\u00e1s representativa como Centro Educativo. Durante los pr\u00f3ximos tres d\u00edas dedicaremos un tiempo especial a nuestras actividades literarias. Como Servicio P\u00fablico, el acceso a la escritura y por tanto a la literatura infantil y juvenil hace que las Jornadas literarias sean una obligaci\u00f3n para dedicar m\u00e1s atenci\u00f3n si cabe &hellip; <a href=\"https:\/\/edublog.educastur.es\/biblio\/2025\/04\/arrancamos-fuerte-nuestras-jornadas-literarias\/\" class=\"more-link\">Contin\u00faa leyendo <span class=\"screen-reader-text\">ARRANCAMOS FUERTE NUESTRAS JORNADAS LITERARIAS<\/span><\/a><\/p>\n","protected":false},"author":171,"featured_media":0,"comment_status":"open","ping_status":"open","sticky":false,"template":"","format":"standard","meta":{"footnotes":""},"categories":[19,20],"tags":[],"class_list":["post-258","post","type-post","status-publish","format-standard","hentry","category-novedades","category-taller-literario"],"_links":{"self":[{"href":"https:\/\/edublog.educastur.es\/biblio\/wp-json\/wp\/v2\/posts\/258","targetHints":{"allow":["GET"]}}],"collection":[{"href":"https:\/\/edublog.educastur.es\/biblio\/wp-json\/wp\/v2\/posts"}],"about":[{"href":"https:\/\/edublog.educastur.es\/biblio\/wp-json\/wp\/v2\/types\/post"}],"author":[{"embeddable":true,"href":"https:\/\/edublog.educastur.es\/biblio\/wp-json\/wp\/v2\/users\/171"}],"replies":[{"embeddable":true,"href":"https:\/\/edublog.educastur.es\/biblio\/wp-json\/wp\/v2\/comments?post=258"}],"version-history":[{"count":2,"href":"https:\/\/edublog.educastur.es\/biblio\/wp-json\/wp\/v2\/posts\/258\/revisions"}],"predecessor-version":[{"id":271,"href":"https:\/\/edublog.educastur.es\/biblio\/wp-json\/wp\/v2\/posts\/258\/revisions\/271"}],"wp:attachment":[{"href":"https:\/\/edublog.educastur.es\/biblio\/wp-json\/wp\/v2\/media?parent=258"}],"wp:term":[{"taxonomy":"category","embeddable":true,"href":"https:\/\/edublog.educastur.es\/biblio\/wp-json\/wp\/v2\/categories?post=258"},{"taxonomy":"post_tag","embeddable":true,"href":"https:\/\/edublog.educastur.es\/biblio\/wp-json\/wp\/v2\/tags?post=258"}],"curies":[{"name":"wp","href":"https:\/\/api.w.org\/{rel}","templated":true}]}}