{"id":272,"date":"2025-04-26T20:09:29","date_gmt":"2025-04-26T18:09:29","guid":{"rendered":"https:\/\/edublog.educastur.es\/biblio\/?p=272"},"modified":"2025-04-26T20:09:29","modified_gmt":"2025-04-26T18:09:29","slug":"nueva-jornada-cultural","status":"publish","type":"post","link":"https:\/\/edublog.educastur.es\/biblio\/2025\/04\/nueva-jornada-cultural\/","title":{"rendered":"NUEVA JORNADA CULTURAL"},"content":{"rendered":"<p><span style=\"font-size: 24px\"><strong><img loading=\"lazy\" decoding=\"async\" class=\"alignleft size-thumbnail wp-image-275\" src=\"http:\/\/edublog.educastur.es\/biblio\/files\/2025\/04\/20250425_142510-150x150.jpg\" alt=\"\" width=\"150\" height=\"150\" srcset=\"https:\/\/edublog.educastur.es\/biblio\/files\/2025\/04\/20250425_142510-150x150.jpg 150w, https:\/\/edublog.educastur.es\/biblio\/files\/2025\/04\/20250425_142510-330x330.jpg 330w, https:\/\/edublog.educastur.es\/biblio\/files\/2025\/04\/20250425_142510-96x96.jpg 96w\" sizes=\"auto, (max-width: 150px) 100vw, 150px\" \/>\u00a1Avanzamos en las actividades!<\/strong><\/span><\/p>\n<p>Hoy han sido muchas las actividades que, desde los diferentes grupos hemos realizado: cuenta cuentos y pinta portadas en los grupos de infantil y primer ciclo, elaboraci\u00f3n de microrrelatos y posterior grabaci\u00f3n en la emisora de radio del cole para los grupos del segundo ciclo de Primaria y la elaboraci\u00f3n de un c\u00f3mic loco con los grupos de tercer ciclo. Tambi\u00e9n hemos podido decorar marcap\u00e1ginas con preciosos dragones en conmemoraci\u00f3n a la leyenda de San Jorge y el drag\u00f3n.<\/p>\n<p>Destacamos el encuentro de libros y convivencia con nuestros mayores de la 3\u00aa edad de la Residencia local.<\/p>\n<p>\u00a1Aqu\u00ed os dejamos una muestra de esta jornada tan literaria!<\/p>\n<p>\u00a1GRACIAS A TODO ELPROFESORADO Y COLABORADORES POR HACER POSIBLE ESTOS 3 D\u00cdAS TAN ESPECIALES!<\/p>\n<p><img loading=\"lazy\" decoding=\"async\" class=\"alignleft size-thumbnail wp-image-283\" src=\"http:\/\/edublog.educastur.es\/biblio\/files\/2025\/04\/IMG-20250424-WA0060-150x150.jpg\" alt=\"\" width=\"150\" height=\"150\" srcset=\"https:\/\/edublog.educastur.es\/biblio\/files\/2025\/04\/IMG-20250424-WA0060-150x150.jpg 150w, https:\/\/edublog.educastur.es\/biblio\/files\/2025\/04\/IMG-20250424-WA0060-330x330.jpg 330w, https:\/\/edublog.educastur.es\/biblio\/files\/2025\/04\/IMG-20250424-WA0060-96x96.jpg 96w, https:\/\/edublog.educastur.es\/biblio\/files\/2025\/04\/IMG-20250424-WA0060-1230x1230.jpg 1230w\" sizes=\"auto, (max-width: 150px) 100vw, 150px\" \/> <img loading=\"lazy\" decoding=\"async\" class=\"alignleft size-thumbnail wp-image-282\" src=\"http:\/\/edublog.educastur.es\/biblio\/files\/2025\/04\/IMG-20250424-WA0052-150x150.jpg\" alt=\"\" width=\"150\" height=\"150\" srcset=\"https:\/\/edublog.educastur.es\/biblio\/files\/2025\/04\/IMG-20250424-WA0052-150x150.jpg 150w, https:\/\/edublog.educastur.es\/biblio\/files\/2025\/04\/IMG-20250424-WA0052-330x330.jpg 330w, https:\/\/edublog.educastur.es\/biblio\/files\/2025\/04\/IMG-20250424-WA0052-96x96.jpg 96w, https:\/\/edublog.educastur.es\/biblio\/files\/2025\/04\/IMG-20250424-WA0052-1230x1230.jpg 1230w\" sizes=\"auto, (max-width: 150px) 100vw, 150px\" \/> <img loading=\"lazy\" decoding=\"async\" class=\"alignleft size-thumbnail wp-image-281\" src=\"http:\/\/edublog.educastur.es\/biblio\/files\/2025\/04\/IMG-20250424-WA0051-150x150.jpg\" alt=\"\" width=\"150\" height=\"150\" srcset=\"https:\/\/edublog.educastur.es\/biblio\/files\/2025\/04\/IMG-20250424-WA0051-150x150.jpg 150w, https:\/\/edublog.educastur.es\/biblio\/files\/2025\/04\/IMG-20250424-WA0051-330x330.jpg 330w, https:\/\/edublog.educastur.es\/biblio\/files\/2025\/04\/IMG-20250424-WA0051-96x96.jpg 96w, https:\/\/edublog.educastur.es\/biblio\/files\/2025\/04\/IMG-20250424-WA0051-1230x1230.jpg 1230w\" sizes=\"auto, (max-width: 150px) 100vw, 150px\" \/> <img loading=\"lazy\" decoding=\"async\" class=\"alignleft size-thumbnail wp-image-280\" src=\"http:\/\/edublog.educastur.es\/biblio\/files\/2025\/04\/IMG-20250424-WA0025-150x150.jpg\" alt=\"\" width=\"150\" height=\"150\" srcset=\"https:\/\/edublog.educastur.es\/biblio\/files\/2025\/04\/IMG-20250424-WA0025-150x150.jpg 150w, https:\/\/edublog.educastur.es\/biblio\/files\/2025\/04\/IMG-20250424-WA0025-330x330.jpg 330w, https:\/\/edublog.educastur.es\/biblio\/files\/2025\/04\/IMG-20250424-WA0025-96x96.jpg 96w\" sizes=\"auto, (max-width: 150px) 100vw, 150px\" \/> <img loading=\"lazy\" decoding=\"async\" class=\"alignleft size-thumbnail wp-image-279\" src=\"http:\/\/edublog.educastur.es\/biblio\/files\/2025\/04\/IMG-20250424-WA0011-150x150.jpg\" alt=\"\" width=\"150\" height=\"150\" srcset=\"https:\/\/edublog.educastur.es\/biblio\/files\/2025\/04\/IMG-20250424-WA0011-150x150.jpg 150w, https:\/\/edublog.educastur.es\/biblio\/files\/2025\/04\/IMG-20250424-WA0011-330x330.jpg 330w, https:\/\/edublog.educastur.es\/biblio\/files\/2025\/04\/IMG-20250424-WA0011-96x96.jpg 96w\" sizes=\"auto, (max-width: 150px) 100vw, 150px\" \/> <img loading=\"lazy\" decoding=\"async\" class=\"alignleft size-thumbnail wp-image-276\" src=\"http:\/\/edublog.educastur.es\/biblio\/files\/2025\/04\/IMG-20250424-WA0007-150x150.jpg\" alt=\"\" width=\"150\" height=\"150\" srcset=\"https:\/\/edublog.educastur.es\/biblio\/files\/2025\/04\/IMG-20250424-WA0007-150x150.jpg 150w, https:\/\/edublog.educastur.es\/biblio\/files\/2025\/04\/IMG-20250424-WA0007-330x330.jpg 330w, https:\/\/edublog.educastur.es\/biblio\/files\/2025\/04\/IMG-20250424-WA0007-96x96.jpg 96w\" sizes=\"auto, (max-width: 150px) 100vw, 150px\" \/><\/p>\n<p>&nbsp;<\/p>\n","protected":false},"excerpt":{"rendered":"<p>\u00a1Avanzamos en las actividades! Hoy han sido muchas las actividades que, desde los diferentes grupos hemos realizado: cuenta cuentos y pinta portadas en los grupos de infantil y primer ciclo, elaboraci\u00f3n de microrrelatos y posterior grabaci\u00f3n en la emisora de radio del cole para los grupos del segundo ciclo de Primaria y la elaboraci\u00f3n de &hellip; <a href=\"https:\/\/edublog.educastur.es\/biblio\/2025\/04\/nueva-jornada-cultural\/\" class=\"more-link\">Contin\u00faa leyendo <span class=\"screen-reader-text\">NUEVA JORNADA CULTURAL<\/span><\/a><\/p>\n","protected":false},"author":171,"featured_media":0,"comment_status":"open","ping_status":"open","sticky":false,"template":"","format":"standard","meta":{"footnotes":""},"categories":[19,20],"tags":[],"class_list":["post-272","post","type-post","status-publish","format-standard","hentry","category-novedades","category-taller-literario"],"_links":{"self":[{"href":"https:\/\/edublog.educastur.es\/biblio\/wp-json\/wp\/v2\/posts\/272","targetHints":{"allow":["GET"]}}],"collection":[{"href":"https:\/\/edublog.educastur.es\/biblio\/wp-json\/wp\/v2\/posts"}],"about":[{"href":"https:\/\/edublog.educastur.es\/biblio\/wp-json\/wp\/v2\/types\/post"}],"author":[{"embeddable":true,"href":"https:\/\/edublog.educastur.es\/biblio\/wp-json\/wp\/v2\/users\/171"}],"replies":[{"embeddable":true,"href":"https:\/\/edublog.educastur.es\/biblio\/wp-json\/wp\/v2\/comments?post=272"}],"version-history":[{"count":5,"href":"https:\/\/edublog.educastur.es\/biblio\/wp-json\/wp\/v2\/posts\/272\/revisions"}],"predecessor-version":[{"id":286,"href":"https:\/\/edublog.educastur.es\/biblio\/wp-json\/wp\/v2\/posts\/272\/revisions\/286"}],"wp:attachment":[{"href":"https:\/\/edublog.educastur.es\/biblio\/wp-json\/wp\/v2\/media?parent=272"}],"wp:term":[{"taxonomy":"category","embeddable":true,"href":"https:\/\/edublog.educastur.es\/biblio\/wp-json\/wp\/v2\/categories?post=272"},{"taxonomy":"post_tag","embeddable":true,"href":"https:\/\/edublog.educastur.es\/biblio\/wp-json\/wp\/v2\/tags?post=272"}],"curies":[{"name":"wp","href":"https:\/\/api.w.org\/{rel}","templated":true}]}}