{"id":303,"date":"2025-05-14T21:37:11","date_gmt":"2025-05-14T19:37:11","guid":{"rendered":"https:\/\/edublog.educastur.es\/biblio\/?p=303"},"modified":"2025-05-14T21:37:11","modified_gmt":"2025-05-14T19:37:11","slug":"una-manana-con-el-autor","status":"publish","type":"post","link":"https:\/\/edublog.educastur.es\/biblio\/2025\/05\/una-manana-con-el-autor\/","title":{"rendered":"UNA MA\u00d1ANA CON EL AUTOR"},"content":{"rendered":"<p style=\"text-align: left\"><strong><span style=\"font-size: 20px\">Un a\u00f1o m\u00e1s<\/span>,<\/strong> el segundo que participamos gracias a la colaboraci\u00f3n del Excmo. Ayuntamiento de Llanes, tenemos el privilegio de conocer a autores e ilustradores que estos d\u00edas participan del<span style=\"color: #339966;font-size: 20px\"><strong> V<\/strong> <\/span><span style=\"color: #339966\"><strong><span style=\"font-size: 20px\">Encuentro Internacional del Libro Ilustrado<\/span>, este a\u00f1o bajo el t\u00edtulo <span style=\"color: #008000\"><em>Murmullos de Encinas<\/em><\/span><\/strong><\/span> que bajo la organizaci\u00f3n de la <span style=\"color: #ff0000\"><strong>revista de literatura infantil Peonza<\/strong><\/span>, editada en Cantabria, recoge a figuras de la talla de Alberto Sebasti\u00e1n, Ana Merino, Paula Carballeira, Teresa Zatar\u00edn o Sonja Danowski entre otros.<\/p>\n<p style=\"text-align: left\"><span style=\"font-size: 20px;color: #0000ff\"><strong>Dentro del programa de encuentro con escolares<\/strong><\/span>, hemos tenido la fortuna de contar esta ma\u00f1ana con <span style=\"font-size: 20px\"><strong>Antonio Ventura,<\/strong><\/span> con el que nuestro alumnado de 2\u00ba y 3\u00ba de Educaci\u00f3n Primaria ha tenido el placer de interactuar, haci\u00e9ndole una entrevista y entreg\u00e1ndole un trabajo basado en uno de sus libros, <span style=\"color: #000000\"><strong><span style=\"font-size: 20px\">ABC<\/span><\/strong><\/span><strong><span style=\"color: #ff0000\">dario<\/span><\/strong>.<\/p>\n<p>En el siguiente enlace ten\u00e9is una presentaci\u00f3n con im\u00e1genes del encuentro. Sus libros firmados ya forman parte de nuestra biblioteca.<\/p>\n<p><a href=\"https:\/\/sway.cloud.microsoft\/m8ViTt9aHqqkFHQB?ref=Link\"><img loading=\"lazy\" decoding=\"async\" class=\"alignleft size-thumbnail wp-image-304\" src=\"http:\/\/edublog.educastur.es\/biblio\/files\/2025\/05\/IMG-20250514-WA0063-150x150.jpg\" alt=\"\" width=\"150\" height=\"150\" srcset=\"https:\/\/edublog.educastur.es\/biblio\/files\/2025\/05\/IMG-20250514-WA0063-150x150.jpg 150w, https:\/\/edublog.educastur.es\/biblio\/files\/2025\/05\/IMG-20250514-WA0063-330x330.jpg 330w, https:\/\/edublog.educastur.es\/biblio\/files\/2025\/05\/IMG-20250514-WA0063-96x96.jpg 96w, https:\/\/edublog.educastur.es\/biblio\/files\/2025\/05\/IMG-20250514-WA0063-1230x1230.jpg 1230w\" sizes=\"auto, (max-width: 150px) 100vw, 150px\" \/><\/a><\/p>\n","protected":false},"excerpt":{"rendered":"<p>Un a\u00f1o m\u00e1s, el segundo que participamos gracias a la colaboraci\u00f3n del Excmo. Ayuntamiento de Llanes, tenemos el privilegio de conocer a autores e ilustradores que estos d\u00edas participan del V Encuentro Internacional del Libro Ilustrado, este a\u00f1o bajo el t\u00edtulo Murmullos de Encinas que bajo la organizaci\u00f3n de la revista de literatura infantil Peonza, &hellip; <a href=\"https:\/\/edublog.educastur.es\/biblio\/2025\/05\/una-manana-con-el-autor\/\" class=\"more-link\">Contin\u00faa leyendo <span class=\"screen-reader-text\">UNA MA\u00d1ANA CON EL AUTOR<\/span><\/a><\/p>\n","protected":false},"author":171,"featured_media":0,"comment_status":"open","ping_status":"open","sticky":false,"template":"","format":"standard","meta":{"footnotes":""},"categories":[1],"tags":[],"class_list":["post-303","post","type-post","status-publish","format-standard","hentry","category-autores-autores"],"_links":{"self":[{"href":"https:\/\/edublog.educastur.es\/biblio\/wp-json\/wp\/v2\/posts\/303","targetHints":{"allow":["GET"]}}],"collection":[{"href":"https:\/\/edublog.educastur.es\/biblio\/wp-json\/wp\/v2\/posts"}],"about":[{"href":"https:\/\/edublog.educastur.es\/biblio\/wp-json\/wp\/v2\/types\/post"}],"author":[{"embeddable":true,"href":"https:\/\/edublog.educastur.es\/biblio\/wp-json\/wp\/v2\/users\/171"}],"replies":[{"embeddable":true,"href":"https:\/\/edublog.educastur.es\/biblio\/wp-json\/wp\/v2\/comments?post=303"}],"version-history":[{"count":4,"href":"https:\/\/edublog.educastur.es\/biblio\/wp-json\/wp\/v2\/posts\/303\/revisions"}],"predecessor-version":[{"id":308,"href":"https:\/\/edublog.educastur.es\/biblio\/wp-json\/wp\/v2\/posts\/303\/revisions\/308"}],"wp:attachment":[{"href":"https:\/\/edublog.educastur.es\/biblio\/wp-json\/wp\/v2\/media?parent=303"}],"wp:term":[{"taxonomy":"category","embeddable":true,"href":"https:\/\/edublog.educastur.es\/biblio\/wp-json\/wp\/v2\/categories?post=303"},{"taxonomy":"post_tag","embeddable":true,"href":"https:\/\/edublog.educastur.es\/biblio\/wp-json\/wp\/v2\/tags?post=303"}],"curies":[{"name":"wp","href":"https:\/\/api.w.org\/{rel}","templated":true}]}}