{"id":309,"date":"2025-05-14T21:43:50","date_gmt":"2025-05-14T19:43:50","guid":{"rendered":"https:\/\/edublog.educastur.es\/biblio\/?p=309"},"modified":"2025-05-14T21:43:50","modified_gmt":"2025-05-14T19:43:50","slug":"cuentacuentos-mananero","status":"publish","type":"post","link":"https:\/\/edublog.educastur.es\/biblio\/2025\/05\/cuentacuentos-mananero\/","title":{"rendered":"CUENTACUENTOS MA\u00d1ANERO"},"content":{"rendered":"<p>\u00a1C\u00d3MO NOS LO HEMOS PASADO CON NUESTRO CUENTACUENTOS FRANCISCO JOS\u00c9!<\/p>\n<p>El alumnado de Educaci\u00f3n Infantil y Primer Ciclo de Primaria, ha podido disfrutar de cuentos diferentes con una din\u00e1mica que invita a leer y releer. <span style=\"font-size: 20px\"><strong>\u00a1Esperamos verte prontooooo!<\/strong><\/span><\/p>\n<p><img loading=\"lazy\" decoding=\"async\" class=\"alignleft size-thumbnail wp-image-310\" src=\"http:\/\/edublog.educastur.es\/biblio\/files\/2025\/05\/IMG-20250514-WA0046-150x150.jpg\" alt=\"\" width=\"150\" height=\"150\" srcset=\"https:\/\/edublog.educastur.es\/biblio\/files\/2025\/05\/IMG-20250514-WA0046-150x150.jpg 150w, https:\/\/edublog.educastur.es\/biblio\/files\/2025\/05\/IMG-20250514-WA0046-330x330.jpg 330w, https:\/\/edublog.educastur.es\/biblio\/files\/2025\/05\/IMG-20250514-WA0046-96x96.jpg 96w, https:\/\/edublog.educastur.es\/biblio\/files\/2025\/05\/IMG-20250514-WA0046-1230x1230.jpg 1230w\" sizes=\"auto, (max-width: 150px) 100vw, 150px\" \/> <img loading=\"lazy\" decoding=\"async\" class=\"alignleft size-thumbnail wp-image-311\" src=\"http:\/\/edublog.educastur.es\/biblio\/files\/2025\/05\/IMG-20250514-WA0049-150x150.jpg\" alt=\"\" width=\"150\" height=\"150\" srcset=\"https:\/\/edublog.educastur.es\/biblio\/files\/2025\/05\/IMG-20250514-WA0049-150x150.jpg 150w, https:\/\/edublog.educastur.es\/biblio\/files\/2025\/05\/IMG-20250514-WA0049-330x330.jpg 330w, https:\/\/edublog.educastur.es\/biblio\/files\/2025\/05\/IMG-20250514-WA0049-96x96.jpg 96w, https:\/\/edublog.educastur.es\/biblio\/files\/2025\/05\/IMG-20250514-WA0049-1230x1230.jpg 1230w\" sizes=\"auto, (max-width: 150px) 100vw, 150px\" \/> <img loading=\"lazy\" decoding=\"async\" class=\"alignleft size-thumbnail wp-image-312\" src=\"http:\/\/edublog.educastur.es\/biblio\/files\/2025\/05\/IMG-20250514-WA0050-150x150.jpg\" alt=\"\" width=\"150\" height=\"150\" srcset=\"https:\/\/edublog.educastur.es\/biblio\/files\/2025\/05\/IMG-20250514-WA0050-150x150.jpg 150w, https:\/\/edublog.educastur.es\/biblio\/files\/2025\/05\/IMG-20250514-WA0050-330x330.jpg 330w, https:\/\/edublog.educastur.es\/biblio\/files\/2025\/05\/IMG-20250514-WA0050-96x96.jpg 96w\" sizes=\"auto, (max-width: 150px) 100vw, 150px\" \/> <img loading=\"lazy\" decoding=\"async\" class=\"alignleft size-thumbnail wp-image-313\" src=\"http:\/\/edublog.educastur.es\/biblio\/files\/2025\/05\/IMG-20250514-WA0051-150x150.jpg\" alt=\"\" width=\"150\" height=\"150\" srcset=\"https:\/\/edublog.educastur.es\/biblio\/files\/2025\/05\/IMG-20250514-WA0051-150x150.jpg 150w, https:\/\/edublog.educastur.es\/biblio\/files\/2025\/05\/IMG-20250514-WA0051-330x330.jpg 330w, https:\/\/edublog.educastur.es\/biblio\/files\/2025\/05\/IMG-20250514-WA0051-96x96.jpg 96w\" sizes=\"auto, (max-width: 150px) 100vw, 150px\" \/> <img loading=\"lazy\" decoding=\"async\" class=\"alignleft size-thumbnail wp-image-314\" src=\"http:\/\/edublog.educastur.es\/biblio\/files\/2025\/05\/IMG-20250514-WA0052-150x150.jpg\" alt=\"\" width=\"150\" height=\"150\" srcset=\"https:\/\/edublog.educastur.es\/biblio\/files\/2025\/05\/IMG-20250514-WA0052-150x150.jpg 150w, https:\/\/edublog.educastur.es\/biblio\/files\/2025\/05\/IMG-20250514-WA0052-330x330.jpg 330w, https:\/\/edublog.educastur.es\/biblio\/files\/2025\/05\/IMG-20250514-WA0052-96x96.jpg 96w\" sizes=\"auto, (max-width: 150px) 100vw, 150px\" \/><\/p>\n","protected":false},"excerpt":{"rendered":"<p>\u00a1C\u00d3MO NOS LO HEMOS PASADO CON NUESTRO CUENTACUENTOS FRANCISCO JOS\u00c9! El alumnado de Educaci\u00f3n Infantil y Primer Ciclo de Primaria, ha podido disfrutar de cuentos diferentes con una din\u00e1mica que invita a leer y releer. \u00a1Esperamos verte prontooooo!<\/p>\n","protected":false},"author":171,"featured_media":0,"comment_status":"open","ping_status":"open","sticky":false,"template":"","format":"standard","meta":{"footnotes":""},"categories":[1,19,20],"tags":[],"class_list":["post-309","post","type-post","status-publish","format-standard","hentry","category-autores-autores","category-novedades","category-taller-literario"],"_links":{"self":[{"href":"https:\/\/edublog.educastur.es\/biblio\/wp-json\/wp\/v2\/posts\/309","targetHints":{"allow":["GET"]}}],"collection":[{"href":"https:\/\/edublog.educastur.es\/biblio\/wp-json\/wp\/v2\/posts"}],"about":[{"href":"https:\/\/edublog.educastur.es\/biblio\/wp-json\/wp\/v2\/types\/post"}],"author":[{"embeddable":true,"href":"https:\/\/edublog.educastur.es\/biblio\/wp-json\/wp\/v2\/users\/171"}],"replies":[{"embeddable":true,"href":"https:\/\/edublog.educastur.es\/biblio\/wp-json\/wp\/v2\/comments?post=309"}],"version-history":[{"count":2,"href":"https:\/\/edublog.educastur.es\/biblio\/wp-json\/wp\/v2\/posts\/309\/revisions"}],"predecessor-version":[{"id":316,"href":"https:\/\/edublog.educastur.es\/biblio\/wp-json\/wp\/v2\/posts\/309\/revisions\/316"}],"wp:attachment":[{"href":"https:\/\/edublog.educastur.es\/biblio\/wp-json\/wp\/v2\/media?parent=309"}],"wp:term":[{"taxonomy":"category","embeddable":true,"href":"https:\/\/edublog.educastur.es\/biblio\/wp-json\/wp\/v2\/categories?post=309"},{"taxonomy":"post_tag","embeddable":true,"href":"https:\/\/edublog.educastur.es\/biblio\/wp-json\/wp\/v2\/tags?post=309"}],"curies":[{"name":"wp","href":"https:\/\/api.w.org\/{rel}","templated":true}]}}