{"id":325,"date":"2025-10-19T20:22:05","date_gmt":"2025-10-19T18:22:05","guid":{"rendered":"https:\/\/edublog.educastur.es\/biblio\/?p=325"},"modified":"2025-10-19T20:22:05","modified_gmt":"2025-10-19T18:22:05","slug":"arrancamos-con-el-proximo-dia-internacional-de-las-bibliotecas","status":"publish","type":"post","link":"https:\/\/edublog.educastur.es\/biblio\/2025\/10\/arrancamos-con-el-proximo-dia-internacional-de-las-bibliotecas\/","title":{"rendered":"Arrancamos con el pr\u00f3ximo d\u00eda internacional de las bibliotecas"},"content":{"rendered":"<p>El pr\u00f3ximo 24 de octubre, nos dedicamos un gui\u00f1o a nuestra biblioteca. Para ello hemos preparado una actividad para que el alumnado sobre todo de Primaria sepa c\u00f3mo utilizar, colocar y respetar el uso de los libros.<\/p>\n<p>Estamos preparando una gu\u00eda de usuario adaptada a nuestra biblioteca para que se pueda trabajar desde el aula y entre to<img loading=\"lazy\" decoding=\"async\" class=\"size-thumbnail wp-image-326 alignright\" style=\"font-style: inherit;font-weight: inherit\" src=\"http:\/\/edublog.educastur.es\/biblio\/files\/2025\/10\/CARTEL-DIA-INTERNACIONAL-150x150.jpg\" alt=\"\" width=\"150\" height=\"150\" srcset=\"https:\/\/edublog.educastur.es\/biblio\/files\/2025\/10\/CARTEL-DIA-INTERNACIONAL-150x150.jpg 150w, https:\/\/edublog.educastur.es\/biblio\/files\/2025\/10\/CARTEL-DIA-INTERNACIONAL-330x330.jpg 330w, https:\/\/edublog.educastur.es\/biblio\/files\/2025\/10\/CARTEL-DIA-INTERNACIONAL-96x96.jpg 96w\" sizes=\"auto, (max-width: 150px) 100vw, 150px\" \/><span style=\"font-size: 16px\">dos ayudemos a cuidarla y a disfrutarla.\u00a0<\/span><\/p>\n<p>\u00a1Os mantendremos informados!<\/p>\n","protected":false},"excerpt":{"rendered":"<p>El pr\u00f3ximo 24 de octubre, nos dedicamos un gui\u00f1o a nuestra biblioteca. Para ello hemos preparado una actividad para que el alumnado sobre todo de Primaria sepa c\u00f3mo utilizar, colocar y respetar el uso de los libros. Estamos preparando una gu\u00eda de usuario adaptada a nuestra biblioteca para que se pueda trabajar desde el aula &hellip; <a href=\"https:\/\/edublog.educastur.es\/biblio\/2025\/10\/arrancamos-con-el-proximo-dia-internacional-de-las-bibliotecas\/\" class=\"more-link\">Contin\u00faa leyendo <span class=\"screen-reader-text\">Arrancamos con el pr\u00f3ximo d\u00eda internacional de las bibliotecas<\/span><\/a><\/p>\n","protected":false},"author":171,"featured_media":0,"comment_status":"open","ping_status":"open","sticky":false,"template":"","format":"standard","meta":{"footnotes":""},"categories":[1],"tags":[],"class_list":["post-325","post","type-post","status-publish","format-standard","hentry","category-autores-autores"],"_links":{"self":[{"href":"https:\/\/edublog.educastur.es\/biblio\/wp-json\/wp\/v2\/posts\/325","targetHints":{"allow":["GET"]}}],"collection":[{"href":"https:\/\/edublog.educastur.es\/biblio\/wp-json\/wp\/v2\/posts"}],"about":[{"href":"https:\/\/edublog.educastur.es\/biblio\/wp-json\/wp\/v2\/types\/post"}],"author":[{"embeddable":true,"href":"https:\/\/edublog.educastur.es\/biblio\/wp-json\/wp\/v2\/users\/171"}],"replies":[{"embeddable":true,"href":"https:\/\/edublog.educastur.es\/biblio\/wp-json\/wp\/v2\/comments?post=325"}],"version-history":[{"count":1,"href":"https:\/\/edublog.educastur.es\/biblio\/wp-json\/wp\/v2\/posts\/325\/revisions"}],"predecessor-version":[{"id":327,"href":"https:\/\/edublog.educastur.es\/biblio\/wp-json\/wp\/v2\/posts\/325\/revisions\/327"}],"wp:attachment":[{"href":"https:\/\/edublog.educastur.es\/biblio\/wp-json\/wp\/v2\/media?parent=325"}],"wp:term":[{"taxonomy":"category","embeddable":true,"href":"https:\/\/edublog.educastur.es\/biblio\/wp-json\/wp\/v2\/categories?post=325"},{"taxonomy":"post_tag","embeddable":true,"href":"https:\/\/edublog.educastur.es\/biblio\/wp-json\/wp\/v2\/tags?post=325"}],"curies":[{"name":"wp","href":"https:\/\/api.w.org\/{rel}","templated":true}]}}