{"id":390,"date":"2026-04-22T19:09:32","date_gmt":"2026-04-22T17:09:32","guid":{"rendered":"https:\/\/edublog.educastur.es\/biblio\/?p=390"},"modified":"2026-04-22T19:09:32","modified_gmt":"2026-04-22T17:09:32","slug":"todo-listo-para-un-dia-importante","status":"publish","type":"post","link":"https:\/\/edublog.educastur.es\/biblio\/2026\/04\/todo-listo-para-un-dia-importante\/","title":{"rendered":"TODO LISTO PARA UN D\u00cdA IMPORTANTE"},"content":{"rendered":"<p><span style=\"font-size: 20px\"><em><strong>\u00a1Ya tenemos todo preparado para ma\u00f1ana! Como cada curso, el 23 de abril es un d\u00eda especial para nuestro Centro en el que ponemos en valor al igual que el resto del a\u00f1o a la biblioteca.<\/strong><\/em><\/span><\/p>\n<p>En esta ocasi\u00f3n, la hemos preparado para recibir como autora invitada facilitado gracias al Ayuntamiento de Llanes en colaboraci\u00f3n con el encuentro nacional de autores e ilustradores que organiza <span style=\"font-size: 20px\"><a href=\"https:\/\/www.youtube.com\/@RevistaPeonza\">PEONZA<\/a><\/span>, a <span style=\"font-size: 20px\"><a href=\"https:\/\/estrellaortiz.es\/\">Estrella Ortiz<\/a><\/span>, la cual pasar\u00e1 con nosotros unas sesiones que seguro hacen las delicias de nuestro alumnado de primero, segundo y tercer curso de Primaria.<\/p>\n<p><span style=\"color: #0000ff\"><em><strong>\u00a1Ma\u00f1ana os compartiremos m\u00e1s sorpresas!<\/strong><\/em><\/span><\/p>\n<p><em><strong><a href=\"http:\/\/edublog.educastur.es\/biblio\/files\/2026\/04\/BIBLIOTECA-AGORA.jpg\"><img loading=\"lazy\" decoding=\"async\" class=\"alignleft size-medium wp-image-389\" src=\"http:\/\/edublog.educastur.es\/biblio\/files\/2026\/04\/BIBLIOTECA-AGORA-300x121.jpg\" alt=\"\" width=\"300\" height=\"121\" srcset=\"https:\/\/edublog.educastur.es\/biblio\/files\/2026\/04\/BIBLIOTECA-AGORA-300x121.jpg 300w, https:\/\/edublog.educastur.es\/biblio\/files\/2026\/04\/BIBLIOTECA-AGORA-768x309.jpg 768w, https:\/\/edublog.educastur.es\/biblio\/files\/2026\/04\/BIBLIOTECA-AGORA-648x261.jpg 648w, https:\/\/edublog.educastur.es\/biblio\/files\/2026\/04\/BIBLIOTECA-AGORA-477x192.jpg 477w, https:\/\/edublog.educastur.es\/biblio\/files\/2026\/04\/BIBLIOTECA-AGORA.jpg 968w\" sizes=\"auto, (max-width: 300px) 100vw, 300px\" \/><\/a> <a href=\"http:\/\/edublog.educastur.es\/biblio\/files\/2026\/04\/PANEL-FINALISTAS-MASCOTA.jpg\"><img loading=\"lazy\" decoding=\"async\" class=\"alignleft size-medium wp-image-385\" src=\"http:\/\/edublog.educastur.es\/biblio\/files\/2026\/04\/PANEL-FINALISTAS-MASCOTA-300x178.jpg\" alt=\"\" width=\"300\" height=\"178\" srcset=\"https:\/\/edublog.educastur.es\/biblio\/files\/2026\/04\/PANEL-FINALISTAS-MASCOTA-300x178.jpg 300w, https:\/\/edublog.educastur.es\/biblio\/files\/2026\/04\/PANEL-FINALISTAS-MASCOTA-1024x607.jpg 1024w, https:\/\/edublog.educastur.es\/biblio\/files\/2026\/04\/PANEL-FINALISTAS-MASCOTA-768x456.jpg 768w, https:\/\/edublog.educastur.es\/biblio\/files\/2026\/04\/PANEL-FINALISTAS-MASCOTA-1536x911.jpg 1536w, https:\/\/edublog.educastur.es\/biblio\/files\/2026\/04\/PANEL-FINALISTAS-MASCOTA-2048x1215.jpg 2048w, https:\/\/edublog.educastur.es\/biblio\/files\/2026\/04\/PANEL-FINALISTAS-MASCOTA-648x384.jpg 648w, https:\/\/edublog.educastur.es\/biblio\/files\/2026\/04\/PANEL-FINALISTAS-MASCOTA-324x192.jpg 324w\" sizes=\"auto, (max-width: 300px) 100vw, 300px\" \/><\/a> <a href=\"http:\/\/edublog.educastur.es\/biblio\/files\/2026\/04\/ARBOL-VALORES.jpg\"><img loading=\"lazy\" decoding=\"async\" class=\"alignleft size-medium wp-image-391\" src=\"http:\/\/edublog.educastur.es\/biblio\/files\/2026\/04\/ARBOL-VALORES-231x300.jpg\" alt=\"\" width=\"231\" height=\"300\" srcset=\"https:\/\/edublog.educastur.es\/biblio\/files\/2026\/04\/ARBOL-VALORES-231x300.jpg 231w, https:\/\/edublog.educastur.es\/biblio\/files\/2026\/04\/ARBOL-VALORES-148x192.jpg 148w, https:\/\/edublog.educastur.es\/biblio\/files\/2026\/04\/ARBOL-VALORES.jpg 294w\" sizes=\"auto, (max-width: 231px) 100vw, 231px\" \/><\/a> <a href=\"http:\/\/edublog.educastur.es\/biblio\/files\/2026\/04\/MISTERIO-DE-TEJOS.jpg\"><img loading=\"lazy\" decoding=\"async\" class=\"alignleft size-medium wp-image-392\" src=\"http:\/\/edublog.educastur.es\/biblio\/files\/2026\/04\/MISTERIO-DE-TEJOS-161x300.jpg\" alt=\"\" width=\"161\" height=\"300\" srcset=\"https:\/\/edublog.educastur.es\/biblio\/files\/2026\/04\/MISTERIO-DE-TEJOS-161x300.jpg 161w, https:\/\/edublog.educastur.es\/biblio\/files\/2026\/04\/MISTERIO-DE-TEJOS-103x192.jpg 103w, https:\/\/edublog.educastur.es\/biblio\/files\/2026\/04\/MISTERIO-DE-TEJOS.jpg 264w\" sizes=\"auto, (max-width: 161px) 100vw, 161px\" \/><\/a> <\/strong><\/em><\/p>\n","protected":false},"excerpt":{"rendered":"<p>\u00a1Ya tenemos todo preparado para ma\u00f1ana! Como cada curso, el 23 de abril es un d\u00eda especial para nuestro Centro en el que ponemos en valor al igual que el resto del a\u00f1o a la biblioteca. En esta ocasi\u00f3n, la hemos preparado para recibir como autora invitada facilitado gracias al Ayuntamiento de Llanes en colaboraci\u00f3n &hellip; <a href=\"https:\/\/edublog.educastur.es\/biblio\/2026\/04\/todo-listo-para-un-dia-importante\/\" class=\"more-link\">Contin\u00faa leyendo <span class=\"screen-reader-text\">TODO LISTO PARA UN D\u00cdA IMPORTANTE<\/span><\/a><\/p>\n","protected":false},"author":171,"featured_media":0,"comment_status":"open","ping_status":"open","sticky":false,"template":"","format":"standard","meta":{"footnotes":""},"categories":[1],"tags":[],"class_list":["post-390","post","type-post","status-publish","format-standard","hentry","category-autores-autores"],"_links":{"self":[{"href":"https:\/\/edublog.educastur.es\/biblio\/wp-json\/wp\/v2\/posts\/390","targetHints":{"allow":["GET"]}}],"collection":[{"href":"https:\/\/edublog.educastur.es\/biblio\/wp-json\/wp\/v2\/posts"}],"about":[{"href":"https:\/\/edublog.educastur.es\/biblio\/wp-json\/wp\/v2\/types\/post"}],"author":[{"embeddable":true,"href":"https:\/\/edublog.educastur.es\/biblio\/wp-json\/wp\/v2\/users\/171"}],"replies":[{"embeddable":true,"href":"https:\/\/edublog.educastur.es\/biblio\/wp-json\/wp\/v2\/comments?post=390"}],"version-history":[{"count":1,"href":"https:\/\/edublog.educastur.es\/biblio\/wp-json\/wp\/v2\/posts\/390\/revisions"}],"predecessor-version":[{"id":394,"href":"https:\/\/edublog.educastur.es\/biblio\/wp-json\/wp\/v2\/posts\/390\/revisions\/394"}],"wp:attachment":[{"href":"https:\/\/edublog.educastur.es\/biblio\/wp-json\/wp\/v2\/media?parent=390"}],"wp:term":[{"taxonomy":"category","embeddable":true,"href":"https:\/\/edublog.educastur.es\/biblio\/wp-json\/wp\/v2\/categories?post=390"},{"taxonomy":"post_tag","embeddable":true,"href":"https:\/\/edublog.educastur.es\/biblio\/wp-json\/wp\/v2\/tags?post=390"}],"curies":[{"name":"wp","href":"https:\/\/api.w.org\/{rel}","templated":true}]}}