{"id":14,"date":"2020-10-16T18:15:04","date_gmt":"2020-10-16T18:15:04","guid":{"rendered":"https:\/\/edublog.educastur.es\/biblioblog\/?p=14"},"modified":"2021-02-16T13:53:25","modified_gmt":"2021-02-16T13:53:25","slug":"premio-planeta-2020","status":"publish","type":"post","link":"https:\/\/edublog.educastur.es\/biblioblog\/2020\/10\/16\/premio-planeta-2020\/","title":{"rendered":"Premio Planeta 2020"},"content":{"rendered":"<p style=\"text-align: justify\">Eva Garc\u00eda S\u00e1enz de Urturi\u00a0 ha sido premiada\u00a0por su novela\u00a0<strong><i>Aquitania<\/i><\/strong>, un\u00a0<i>thriller\u00a0<\/i>medieval \u00abque quiere homenajear a <em>El nombre de la Rosa<\/em><i>\u00ab.\u00a0<\/i><\/p>\n<p style=\"text-align: justify\">Garc\u00eda S\u00e1enz de Urturri es autora de la trilog\u00eda <em><strong>El silencio de la ciudad blanca<\/strong>,<\/em> un thriller cuyas claves descansan en unos misteriosos restos arqueol\u00f3gicos<em>.\u00a0\u00a0<\/em><\/p>\n<p><img loading=\"lazy\" decoding=\"async\" class=\"wp-image-15 aligncenter\" src=\"http:\/\/edublog.educastur.es\/biblioblog\/files\/2020\/10\/9788408223559-268x300.jpg\" alt=\"\" width=\"268\" height=\"300\" srcset=\"https:\/\/edublog.educastur.es\/biblioblog\/files\/2020\/10\/9788408223559-268x300.jpg 268w, https:\/\/edublog.educastur.es\/biblioblog\/files\/2020\/10\/9788408223559.jpg 552w\" sizes=\"auto, (max-width: 268px) 100vw, 268px\" \/><\/p>\n<p>Si quieres saber m\u00e1s:<\/p>\n<p>Art\u00edculo en\u00a0 \u00a0 <a href=\"https:\/\/elpais.com\/cultura\/2020-10-15\/el-planeta-premia-a-la-superventas-garcia-saenz-de-urturi.html\">elpais.com<\/a><\/p>\n","protected":false},"excerpt":{"rendered":"<p>Eva Garc\u00eda S\u00e1enz de Urturi\u00a0 ha sido premiada\u00a0por su novela\u00a0Aquitania, un\u00a0thriller\u00a0medieval \u00abque quiere homenajear a El nombre de la Rosa\u00ab.\u00a0 Garc\u00eda S\u00e1enz de Urturri es autora de la trilog\u00eda El silencio de la ciudad blanca, un thriller cuyas claves descansan en unos misteriosos restos arqueol\u00f3gicos.\u00a0\u00a0 Si quieres saber m\u00e1s: Art\u00edculo en\u00a0 \u00a0 elpais.com<\/p>\n","protected":false},"author":536,"featured_media":0,"comment_status":"open","ping_status":"open","sticky":false,"template":"","format":"standard","meta":{"footnotes":""},"categories":[22],"tags":[2],"class_list":["post-14","post","type-post","status-publish","format-standard","hentry","category-noticias-literarias","tag-premios-literarios"],"_links":{"self":[{"href":"https:\/\/edublog.educastur.es\/biblioblog\/wp-json\/wp\/v2\/posts\/14","targetHints":{"allow":["GET"]}}],"collection":[{"href":"https:\/\/edublog.educastur.es\/biblioblog\/wp-json\/wp\/v2\/posts"}],"about":[{"href":"https:\/\/edublog.educastur.es\/biblioblog\/wp-json\/wp\/v2\/types\/post"}],"author":[{"embeddable":true,"href":"https:\/\/edublog.educastur.es\/biblioblog\/wp-json\/wp\/v2\/users\/536"}],"replies":[{"embeddable":true,"href":"https:\/\/edublog.educastur.es\/biblioblog\/wp-json\/wp\/v2\/comments?post=14"}],"version-history":[{"count":6,"href":"https:\/\/edublog.educastur.es\/biblioblog\/wp-json\/wp\/v2\/posts\/14\/revisions"}],"predecessor-version":[{"id":319,"href":"https:\/\/edublog.educastur.es\/biblioblog\/wp-json\/wp\/v2\/posts\/14\/revisions\/319"}],"wp:attachment":[{"href":"https:\/\/edublog.educastur.es\/biblioblog\/wp-json\/wp\/v2\/media?parent=14"}],"wp:term":[{"taxonomy":"category","embeddable":true,"href":"https:\/\/edublog.educastur.es\/biblioblog\/wp-json\/wp\/v2\/categories?post=14"},{"taxonomy":"post_tag","embeddable":true,"href":"https:\/\/edublog.educastur.es\/biblioblog\/wp-json\/wp\/v2\/tags?post=14"}],"curies":[{"name":"wp","href":"https:\/\/api.w.org\/{rel}","templated":true}]}}