{"id":331,"date":"2021-03-07T16:01:48","date_gmt":"2021-03-07T16:01:48","guid":{"rendered":"https:\/\/edublog.educastur.es\/biblioblog\/?p=331"},"modified":"2021-03-13T16:06:29","modified_gmt":"2021-03-13T16:06:29","slug":"mujeres-y-ciencia","status":"publish","type":"post","link":"https:\/\/edublog.educastur.es\/biblioblog\/2021\/03\/07\/mujeres-y-ciencia\/","title":{"rendered":"Mujeres y Ciencia"},"content":{"rendered":"<p style=\"text-align: justify\">Con motivo del \u00abD\u00eda Internacional de la Mujer\u00bb y del \u00abD\u00eda de la Mujer y la Ni\u00f1a en la Ciencia\u00bb, celebrado hace unas pocas semanas, hemos querido recordar los logros de las mujeres que han dedicado su vida a la ciencia, en especial los de aquellas que abrieron el camino a las ni\u00f1as de generaciones futuras, que tuvieron que luchar contra una sociedad que las encasillaba y encorsetaba en los roles tradicionales relacionados con la familia y las profesiones \u00abfemeninas\u00bb, una sociedad que, a menudo, no estaba preparada para aceptar ni reconocer su val\u00eda.<\/p>\n<p style=\"text-align: justify\">Aqu\u00ed os dejamos una muestra de los trabajos realizados desde el \u00e1rea de Matem\u00e1ticas, por alumnado de Oliva, en distintos niveles educativos. Como siempre os digo, \u00a1\u00a1muchas gracias a todos por compartir!!<\/p>\n<p><span style=\"font-size: 14pt\"><strong>Pablo Olay<\/strong><\/span> (1\u00baA Bachillerato)<\/p>\n\n<!-- iframe plugin v.6.0 wordpress.org\/plugins\/iframe\/ -->\n<iframe loading=\"lazy\" src=\"https:\/\/spark.adobe.com\/video\/IPIo2ckme5Bsy\/embed\" width=\"100%\" height=\"540\" scrolling=\"yes\" class=\"iframe-class\" frameborder=\"0\"><\/iframe>\n\n<p>&nbsp;<\/p>\n<p><span style=\"font-size: 14pt\"><strong>Rom\u00e1n Pichurin<\/strong> (<\/span>1\u00ba Bachillerato)<\/p>\n\n<!-- iframe plugin v.6.0 wordpress.org\/plugins\/iframe\/ -->\n<iframe loading=\"lazy\" width=\"100%\" height=\"540px\" src=\"https:\/\/sway.office.com\/s\/COl79SQDXJQL7Qpr\/embed\" scrolling=\"yes\" class=\"iframe-class\" frameborder=\"0\"><\/iframe>\n\n<p>&nbsp;<\/p>\n<p><strong><span style=\"font-size: 14pt\">David Gonz\u00e1lez<\/span><\/strong> (1\u00baA Bachillerato)<\/p>\n\n<!-- iframe plugin v.6.0 wordpress.org\/plugins\/iframe\/ -->\n<iframe loading=\"lazy\" width=\"100%\" height=\"540px\" src=\"https:\/\/sway.office.com\/s\/CrMJG6VxAhDfaZRg\/embed\" scrolling=\"yes\" class=\"iframe-class\" frameborder=\"0\"><\/iframe>\n\n<p>&nbsp;<\/p>\n<p><span style=\"font-size: 14pt\"><strong>Carla Garc\u00eda<\/strong><\/span> (1\u00ba Bachillerato)<\/p>\n\n<!-- iframe plugin v.6.0 wordpress.org\/plugins\/iframe\/ -->\n<iframe loading=\"lazy\" width=\"100%\" height=\"540px\" src=\"https:\/\/sway.office.com\/s\/2Yz0BpzukzIw8m0o\/embed\" scrolling=\"yes\" class=\"iframe-class\" frameborder=\"0\"><\/iframe>\n\n<p>&nbsp;<\/p>\n<p><span style=\"font-size: 14pt\"><strong>Alejandro L\u00f3pez <\/strong><\/span>(3\u00baC)<\/p>\n\n<!-- iframe plugin v.6.0 wordpress.org\/plugins\/iframe\/ -->\n<iframe loading=\"lazy\" width=\"100%\" height=\"500px\" src=\"https:\/\/sway.office.com\/s\/MIrfaUPtoMBWElXx\/embed\" scrolling=\"yes\" class=\"iframe-class\" frameborder=\"0\"><\/iframe>\n\n<p>&nbsp;<\/p>\n<p><span style=\"font-size: 14pt\"><strong>Elena Garc\u00eda<\/strong><\/span> (3\u00baA)<\/p>\n\n<!-- iframe plugin v.6.0 wordpress.org\/plugins\/iframe\/ -->\n<iframe loading=\"lazy\" src=\"https:\/\/spark.adobe.com\/video\/nOxfpm4f9DEcQ\/embed\" width=\"100%\" height=\"540\" scrolling=\"yes\" class=\"iframe-class\" frameborder=\"0\"><\/iframe>\n\n<p>&nbsp;<\/p>\n<p><strong>Carmen Garc\u00eda<\/strong> (3\u00baA)<\/p>\n\n<!-- iframe plugin v.6.0 wordpress.org\/plugins\/iframe\/ -->\n<iframe loading=\"lazy\" src=\"https:\/\/spark.adobe.com\/video\/uVr3FblJUDayl\/embed\" width=\"100%\" height=\"540\" scrolling=\"yes\" class=\"iframe-class\" frameborder=\"0\"><\/iframe>\n\n<p>&nbsp;<\/p>\n<p><strong><span style=\"font-size: 14pt\">Christiane Tchuatou<\/span><\/strong>\u00a0 (3\u00baC)<\/p>\n\n<!-- iframe plugin v.6.0 wordpress.org\/plugins\/iframe\/ -->\n<iframe loading=\"lazy\" src=\"https:\/\/spark.adobe.com\/video\/77aGGWCso0uR1\/embed\" width=\"100%\" height=\"540\" scrolling=\"yes\" class=\"iframe-class\" frameborder=\"0\"><\/iframe>\n\n<p>&nbsp;<\/p>\n<p><span style=\"font-size: 14pt\"><strong>Manuel Revilla\u00a0<\/strong>(3\u00baA)<\/span><\/p>\n\n<!-- iframe plugin v.6.0 wordpress.org\/plugins\/iframe\/ -->\n<iframe loading=\"lazy\" src=\"https:\/\/spark.adobe.com\/video\/cKoDw6yEwVzD0\/embed\" width=\"100%\" height=\"540\" scrolling=\"yes\" class=\"iframe-class\" frameborder=\"0\"><\/iframe>\n\n","protected":false},"excerpt":{"rendered":"<p>Con motivo del \u00abD\u00eda Internacional de la Mujer\u00bb y del \u00abD\u00eda de la Mujer y la Ni\u00f1a en la Ciencia\u00bb, celebrado hace unas pocas semanas, hemos querido recordar los logros de las mujeres que han dedicado su vida a la ciencia, en especial los de aquellas que abrieron el camino a las ni\u00f1as de generaciones [&hellip;]<\/p>\n","protected":false},"author":536,"featured_media":0,"comment_status":"open","ping_status":"open","sticky":false,"template":"","format":"standard","meta":{"footnotes":""},"categories":[18,29],"tags":[27,28],"class_list":["post-331","post","type-post","status-publish","format-standard","hentry","category-efemerides","category-areas-cientificas","tag-dia-internacional-de-la-mujer","tag-dia-internacional-de-la-mujer-y-la-nina-en-la-ciencia"],"_links":{"self":[{"href":"https:\/\/edublog.educastur.es\/biblioblog\/wp-json\/wp\/v2\/posts\/331","targetHints":{"allow":["GET"]}}],"collection":[{"href":"https:\/\/edublog.educastur.es\/biblioblog\/wp-json\/wp\/v2\/posts"}],"about":[{"href":"https:\/\/edublog.educastur.es\/biblioblog\/wp-json\/wp\/v2\/types\/post"}],"author":[{"embeddable":true,"href":"https:\/\/edublog.educastur.es\/biblioblog\/wp-json\/wp\/v2\/users\/536"}],"replies":[{"embeddable":true,"href":"https:\/\/edublog.educastur.es\/biblioblog\/wp-json\/wp\/v2\/comments?post=331"}],"version-history":[{"count":17,"href":"https:\/\/edublog.educastur.es\/biblioblog\/wp-json\/wp\/v2\/posts\/331\/revisions"}],"predecessor-version":[{"id":473,"href":"https:\/\/edublog.educastur.es\/biblioblog\/wp-json\/wp\/v2\/posts\/331\/revisions\/473"}],"wp:attachment":[{"href":"https:\/\/edublog.educastur.es\/biblioblog\/wp-json\/wp\/v2\/media?parent=331"}],"wp:term":[{"taxonomy":"category","embeddable":true,"href":"https:\/\/edublog.educastur.es\/biblioblog\/wp-json\/wp\/v2\/categories?post=331"},{"taxonomy":"post_tag","embeddable":true,"href":"https:\/\/edublog.educastur.es\/biblioblog\/wp-json\/wp\/v2\/tags?post=331"}],"curies":[{"name":"wp","href":"https:\/\/api.w.org\/{rel}","templated":true}]}}