{"id":44,"date":"2020-11-20T21:21:28","date_gmt":"2020-11-20T21:21:28","guid":{"rendered":"https:\/\/edublog.educastur.es\/biblioblog\/?p=44"},"modified":"2021-02-16T13:52:12","modified_gmt":"2021-02-16T13:52:12","slug":"recomendamos-un-libro","status":"publish","type":"post","link":"https:\/\/edublog.educastur.es\/biblioblog\/2020\/11\/20\/recomendamos-un-libro\/","title":{"rendered":"Recomendamos un libro"},"content":{"rendered":"<p style=\"text-align: justify\">Con motivo del d\u00eda de la Biblioteca, os hemos propuesto grabar un v\u00eddeo de entre uno o dos minutos de duraci\u00f3n recomendando un libro: tu libro favorito, un libro que te haya gustado entre los que has le\u00eddo \u00faltimamente, un libro que recomendar\u00edas a tus amigos o compa\u00f1eros&#8230;<\/p>\n<p>Esta es una parte del cartel de la actividad:<\/p>\n<p><img loading=\"lazy\" decoding=\"async\" class=\"alignnone size-large wp-image-50\" src=\"http:\/\/edublog.educastur.es\/biblioblog\/files\/2020\/11\/cartel-3-1024x557.jpg\" alt=\"\" width=\"788\" height=\"429\" srcset=\"https:\/\/edublog.educastur.es\/biblioblog\/files\/2020\/11\/cartel-3-1024x557.jpg 1024w, https:\/\/edublog.educastur.es\/biblioblog\/files\/2020\/11\/cartel-3-300x163.jpg 300w, https:\/\/edublog.educastur.es\/biblioblog\/files\/2020\/11\/cartel-3-768x418.jpg 768w, https:\/\/edublog.educastur.es\/biblioblog\/files\/2020\/11\/cartel-3-1536x835.jpg 1536w, https:\/\/edublog.educastur.es\/biblioblog\/files\/2020\/11\/cartel-3-788x429.jpg 788w, https:\/\/edublog.educastur.es\/biblioblog\/files\/2020\/11\/cartel-3.jpg 1587w\" sizes=\"auto, (max-width: 788px) 100vw, 788px\" \/><\/p>\n","protected":false},"excerpt":{"rendered":"<p>Con motivo del d\u00eda de la Biblioteca, os hemos propuesto grabar un v\u00eddeo de entre uno o dos minutos de duraci\u00f3n recomendando un libro: tu libro favorito, un libro que te haya gustado entre los que has le\u00eddo \u00faltimamente, un libro que recomendar\u00edas a tus amigos o compa\u00f1eros&#8230; Esta es una parte del cartel de [&hellip;]<\/p>\n","protected":false},"author":536,"featured_media":0,"comment_status":"open","ping_status":"open","sticky":false,"template":"","format":"standard","meta":{"footnotes":""},"categories":[19],"tags":[24],"class_list":["post-44","post","type-post","status-publish","format-standard","hentry","category-actividades-de-la-biblioteca","tag-dia-de-la-biblioteca"],"_links":{"self":[{"href":"https:\/\/edublog.educastur.es\/biblioblog\/wp-json\/wp\/v2\/posts\/44","targetHints":{"allow":["GET"]}}],"collection":[{"href":"https:\/\/edublog.educastur.es\/biblioblog\/wp-json\/wp\/v2\/posts"}],"about":[{"href":"https:\/\/edublog.educastur.es\/biblioblog\/wp-json\/wp\/v2\/types\/post"}],"author":[{"embeddable":true,"href":"https:\/\/edublog.educastur.es\/biblioblog\/wp-json\/wp\/v2\/users\/536"}],"replies":[{"embeddable":true,"href":"https:\/\/edublog.educastur.es\/biblioblog\/wp-json\/wp\/v2\/comments?post=44"}],"version-history":[{"count":9,"href":"https:\/\/edublog.educastur.es\/biblioblog\/wp-json\/wp\/v2\/posts\/44\/revisions"}],"predecessor-version":[{"id":317,"href":"https:\/\/edublog.educastur.es\/biblioblog\/wp-json\/wp\/v2\/posts\/44\/revisions\/317"}],"wp:attachment":[{"href":"https:\/\/edublog.educastur.es\/biblioblog\/wp-json\/wp\/v2\/media?parent=44"}],"wp:term":[{"taxonomy":"category","embeddable":true,"href":"https:\/\/edublog.educastur.es\/biblioblog\/wp-json\/wp\/v2\/categories?post=44"},{"taxonomy":"post_tag","embeddable":true,"href":"https:\/\/edublog.educastur.es\/biblioblog\/wp-json\/wp\/v2\/tags?post=44"}],"curies":[{"name":"wp","href":"https:\/\/api.w.org\/{rel}","templated":true}]}}