{"id":466,"date":"2021-03-13T14:47:53","date_gmt":"2021-03-13T14:47:53","guid":{"rendered":"https:\/\/edublog.educastur.es\/biblioblog\/?p=466"},"modified":"2021-03-13T16:18:23","modified_gmt":"2021-03-13T16:18:23","slug":"dia-internacional-del-numero-pi","status":"publish","type":"post","link":"https:\/\/edublog.educastur.es\/biblioblog\/2021\/03\/13\/dia-internacional-del-numero-pi\/","title":{"rendered":"D\u00eda Internacional del N\u00famero Pi"},"content":{"rendered":"<h4><img loading=\"lazy\" decoding=\"async\" class=\"wp-image-477 aligncenter\" src=\"http:\/\/edublog.educastur.es\/biblioblog\/files\/2021\/03\/68167-orange-pin-images.png\" alt=\"\" width=\"293\" height=\"293\" srcset=\"https:\/\/edublog.educastur.es\/biblioblog\/files\/2021\/03\/68167-orange-pin-images.png 600w, https:\/\/edublog.educastur.es\/biblioblog\/files\/2021\/03\/68167-orange-pin-images-300x300.png 300w, https:\/\/edublog.educastur.es\/biblioblog\/files\/2021\/03\/68167-orange-pin-images-150x150.png 150w, https:\/\/edublog.educastur.es\/biblioblog\/files\/2021\/03\/68167-orange-pin-images-85x85.png 85w\" sizes=\"auto, (max-width: 293px) 100vw, 293px\" \/><\/h4>\n<h4 style=\"text-align: center\">\u00bfSab\u00e9is por qu\u00e9 el D\u00eda del N\u00famero Pi se celebra el 14 de marzo?<\/h4>\n<p style=\"text-align: justify\">El Departamento de Matem\u00e1ticas nos ha recomendado este magn\u00edfico v\u00eddeo. No dej\u00e9is de verlo para conocer, no solo la respuesta a esta pregunta, sino tambi\u00e9n otras curiosidades sobre este enigm\u00e1tico n\u00famero.<\/p>\n\n<!-- iframe plugin v.6.0 wordpress.org\/plugins\/iframe\/ -->\n<iframe loading=\"lazy\" width=\"100%\" height=\"400\" src=\"https:\/\/www.youtube.com\/embed\/IfWdVsaAobI?\" scrolling=\"yes\" class=\"iframe-class\" frameborder=\"0\"><\/iframe>\n\n<p>&nbsp;<\/p>\n<p>Si os hab\u00e9is quedado con ganas\u00a0 de saber m\u00e1s, visitad esta p\u00e1gina web: <a href=\"https:\/\/www.diainternacionalde.com\/ficha\/dia-numero-pi\">D\u00eda del N\u00famero Pi<\/a><\/p>\n","protected":false},"excerpt":{"rendered":"<p>\u00bfSab\u00e9is por qu\u00e9 el D\u00eda del N\u00famero Pi se celebra el 14 de marzo? El Departamento de Matem\u00e1ticas nos ha recomendado este magn\u00edfico v\u00eddeo. No dej\u00e9is de verlo para conocer, no solo la respuesta a esta pregunta, sino tambi\u00e9n otras curiosidades sobre este enigm\u00e1tico n\u00famero. &nbsp; Si os hab\u00e9is quedado con ganas\u00a0 de saber m\u00e1s, [&hellip;]<\/p>\n","protected":false},"author":536,"featured_media":0,"comment_status":"open","ping_status":"open","sticky":false,"template":"","format":"standard","meta":{"footnotes":""},"categories":[18,29],"tags":[],"class_list":["post-466","post","type-post","status-publish","format-standard","hentry","category-efemerides","category-areas-cientificas"],"_links":{"self":[{"href":"https:\/\/edublog.educastur.es\/biblioblog\/wp-json\/wp\/v2\/posts\/466","targetHints":{"allow":["GET"]}}],"collection":[{"href":"https:\/\/edublog.educastur.es\/biblioblog\/wp-json\/wp\/v2\/posts"}],"about":[{"href":"https:\/\/edublog.educastur.es\/biblioblog\/wp-json\/wp\/v2\/types\/post"}],"author":[{"embeddable":true,"href":"https:\/\/edublog.educastur.es\/biblioblog\/wp-json\/wp\/v2\/users\/536"}],"replies":[{"embeddable":true,"href":"https:\/\/edublog.educastur.es\/biblioblog\/wp-json\/wp\/v2\/comments?post=466"}],"version-history":[{"count":9,"href":"https:\/\/edublog.educastur.es\/biblioblog\/wp-json\/wp\/v2\/posts\/466\/revisions"}],"predecessor-version":[{"id":479,"href":"https:\/\/edublog.educastur.es\/biblioblog\/wp-json\/wp\/v2\/posts\/466\/revisions\/479"}],"wp:attachment":[{"href":"https:\/\/edublog.educastur.es\/biblioblog\/wp-json\/wp\/v2\/media?parent=466"}],"wp:term":[{"taxonomy":"category","embeddable":true,"href":"https:\/\/edublog.educastur.es\/biblioblog\/wp-json\/wp\/v2\/categories?post=466"},{"taxonomy":"post_tag","embeddable":true,"href":"https:\/\/edublog.educastur.es\/biblioblog\/wp-json\/wp\/v2\/tags?post=466"}],"curies":[{"name":"wp","href":"https:\/\/api.w.org\/{rel}","templated":true}]}}