{"id":543,"date":"2021-04-10T20:33:15","date_gmt":"2021-04-10T20:33:15","guid":{"rendered":"https:\/\/edublog.educastur.es\/biblioblog\/?p=543"},"modified":"2021-04-11T10:36:28","modified_gmt":"2021-04-11T10:36:28","slug":"seleccion-de-poemas-apoyando-a-oviedo-como-capital-mundial-de-la-poesia","status":"publish","type":"post","link":"https:\/\/edublog.educastur.es\/biblioblog\/2021\/04\/10\/seleccion-de-poemas-apoyando-a-oviedo-como-capital-mundial-de-la-poesia\/","title":{"rendered":"Poemas para Leer y Escuchar en el Aula de Literatura Universal"},"content":{"rendered":"<div style=\"text-align: justify\">Con motivo del D\u00eda Mundial de la Poes\u00eda, Ana Rosa D\u00edaz y Rosa Pel\u00e1ez, (alumnas de Literatura Universal de 1\u00ba Bachillerato, junto a su profesora Carmen, han reunido algunos de sus poemas favoritos en este trabajo, elaborado en apoyo de la candidatura de Asturias como Capital Mundial de la Poes\u00eda. No os pod\u00e9is perder esta selecci\u00f3n de poemas, algunos de ellos musicados.<\/div>\n<div><\/div>\n<div><\/div>\n<div>\n<!-- iframe plugin v.6.0 wordpress.org\/plugins\/iframe\/ -->\n<iframe loading=\"lazy\" width=\"100%\" height=\"450px\" src=\"https:\/\/sway.office.com\/s\/XJXR4BfGOIqnWCyO\/embed\" scrolling=\"yes\" class=\"iframe-class\" frameborder=\"0\"><\/iframe>\n<\/div>\n<div><\/div>\n<div style=\"text-align: center\">\u00a1Muchas gracias por compartir!<\/div>\n","protected":false},"excerpt":{"rendered":"<p>Con motivo del D\u00eda Mundial de la Poes\u00eda, Ana Rosa D\u00edaz y Rosa Pel\u00e1ez, (alumnas de Literatura Universal de 1\u00ba Bachillerato, junto a su profesora Carmen, han reunido algunos de sus poemas favoritos en este trabajo, elaborado en apoyo de la candidatura de Asturias como Capital Mundial de la Poes\u00eda. No os pod\u00e9is perder esta [&hellip;]<\/p>\n","protected":false},"author":536,"featured_media":0,"comment_status":"open","ping_status":"open","sticky":false,"template":"","format":"standard","meta":{"footnotes":""},"categories":[35,34],"tags":[33,36],"class_list":["post-543","post","type-post","status-publish","format-standard","hentry","category-poesia","category-departamento-de-lengua","tag-actividades-de-aula","tag-dia-internacional-de-la-poesia"],"_links":{"self":[{"href":"https:\/\/edublog.educastur.es\/biblioblog\/wp-json\/wp\/v2\/posts\/543","targetHints":{"allow":["GET"]}}],"collection":[{"href":"https:\/\/edublog.educastur.es\/biblioblog\/wp-json\/wp\/v2\/posts"}],"about":[{"href":"https:\/\/edublog.educastur.es\/biblioblog\/wp-json\/wp\/v2\/types\/post"}],"author":[{"embeddable":true,"href":"https:\/\/edublog.educastur.es\/biblioblog\/wp-json\/wp\/v2\/users\/536"}],"replies":[{"embeddable":true,"href":"https:\/\/edublog.educastur.es\/biblioblog\/wp-json\/wp\/v2\/comments?post=543"}],"version-history":[{"count":9,"href":"https:\/\/edublog.educastur.es\/biblioblog\/wp-json\/wp\/v2\/posts\/543\/revisions"}],"predecessor-version":[{"id":555,"href":"https:\/\/edublog.educastur.es\/biblioblog\/wp-json\/wp\/v2\/posts\/543\/revisions\/555"}],"wp:attachment":[{"href":"https:\/\/edublog.educastur.es\/biblioblog\/wp-json\/wp\/v2\/media?parent=543"}],"wp:term":[{"taxonomy":"category","embeddable":true,"href":"https:\/\/edublog.educastur.es\/biblioblog\/wp-json\/wp\/v2\/categories?post=543"},{"taxonomy":"post_tag","embeddable":true,"href":"https:\/\/edublog.educastur.es\/biblioblog\/wp-json\/wp\/v2\/tags?post=543"}],"curies":[{"name":"wp","href":"https:\/\/api.w.org\/{rel}","templated":true}]}}