{"id":556,"date":"2021-04-11T15:55:39","date_gmt":"2021-04-11T15:55:39","guid":{"rendered":"https:\/\/edublog.educastur.es\/biblioblog\/?p=556"},"modified":"2021-04-11T15:55:39","modified_gmt":"2021-04-11T15:55:39","slug":"international-womens-day","status":"publish","type":"post","link":"https:\/\/edublog.educastur.es\/biblioblog\/2021\/04\/11\/international-womens-day\/","title":{"rendered":"\u00abInternational Women&#8217;s Day\u00bb"},"content":{"rendered":"<p style=\"text-align: justify\">En el \u00e1rea de Ingl\u00e9s se ha trabajado sobre el \u00abD\u00eda Internacional de la Mujer\u00bb en casi todos los grupos. Los alumnos de tercero y cuarto han realizado v\u00eddeos o podcasts sobre una mujer destacada. Aqu\u00ed os dejamos una peque\u00f1a muestra, en la que podr\u00e9is escuchar las voces de Aida Canella, Claudia Lanchas, Ra\u00fal Mu\u00f1iz, Celia Nieto, Teresa Orea, Paula Rodr\u00edguez, Yanira Rodr\u00edguez e Iyana Tejedor:<\/p>\n\n<!-- iframe plugin v.6.0 wordpress.org\/plugins\/iframe\/ -->\n<iframe loading=\"lazy\" width=\"100%\" height=\"500\" src=\"https:\/\/view.genial.ly\/60521e29abd9f80d0ec5b80c\/embed\" scrolling=\"yes\" class=\"iframe-class\" frameborder=\"0\"><\/iframe>\n\n<p>&nbsp;<\/p>\n<p style=\"text-align: justify\">El grupo de 2\u00baD realiz\u00f3 trabajos escritos. La mayor\u00eda est\u00e1n recogidos en el siguiente v\u00eddeo:<\/p>\n\n<!-- iframe plugin v.6.0 wordpress.org\/plugins\/iframe\/ -->\n<iframe loading=\"lazy\" width=\"100%\" height=\"500\" src=\"https:\/\/web.microsoftstream.com\/embed\/video\/7456a750-5209-4140-9bfa-bb6917d5f636\" scrolling=\"yes\" class=\"iframe-class\" frameborder=\"0\"><\/iframe>\n\n<p>&nbsp;<\/p>\n<p>Sus trabajos expuestos en el centro:<\/p>\n<p><img loading=\"lazy\" decoding=\"async\" class=\"aligncenter size-large wp-image-398\" src=\"http:\/\/edublog.educastur.es\/biblioblog\/files\/2021\/03\/women-1-1024x512.jpg\" alt=\"\" width=\"840\" height=\"420\" srcset=\"https:\/\/edublog.educastur.es\/biblioblog\/files\/2021\/03\/women-1-1024x512.jpg 1024w, https:\/\/edublog.educastur.es\/biblioblog\/files\/2021\/03\/women-1-300x150.jpg 300w, https:\/\/edublog.educastur.es\/biblioblog\/files\/2021\/03\/women-1-768x384.jpg 768w, https:\/\/edublog.educastur.es\/biblioblog\/files\/2021\/03\/women-1-1000x500.jpg 1000w, https:\/\/edublog.educastur.es\/biblioblog\/files\/2021\/03\/women-1-600x300.jpg 600w, https:\/\/edublog.educastur.es\/biblioblog\/files\/2021\/03\/women-1.jpg 1280w\" sizes=\"auto, (max-width: 840px) 100vw, 840px\" \/><\/p>\n","protected":false},"excerpt":{"rendered":"<p>En el \u00e1rea de Ingl\u00e9s se ha trabajado sobre el \u00abD\u00eda Internacional de la Mujer\u00bb en casi todos los grupos. Los alumnos de tercero y cuarto han realizado v\u00eddeos o podcasts sobre una mujer destacada. Aqu\u00ed os dejamos una peque\u00f1a muestra, en la que podr\u00e9is escuchar las voces de Aida Canella, Claudia Lanchas, Ra\u00fal Mu\u00f1iz, [&hellip;]<\/p>\n","protected":false},"author":536,"featured_media":0,"comment_status":"open","ping_status":"open","sticky":false,"template":"","format":"standard","meta":{"footnotes":""},"categories":[18,20],"tags":[27],"class_list":["post-556","post","type-post","status-publish","format-standard","hentry","category-efemerides","category-departamento-de-ingles","tag-dia-internacional-de-la-mujer"],"_links":{"self":[{"href":"https:\/\/edublog.educastur.es\/biblioblog\/wp-json\/wp\/v2\/posts\/556","targetHints":{"allow":["GET"]}}],"collection":[{"href":"https:\/\/edublog.educastur.es\/biblioblog\/wp-json\/wp\/v2\/posts"}],"about":[{"href":"https:\/\/edublog.educastur.es\/biblioblog\/wp-json\/wp\/v2\/types\/post"}],"author":[{"embeddable":true,"href":"https:\/\/edublog.educastur.es\/biblioblog\/wp-json\/wp\/v2\/users\/536"}],"replies":[{"embeddable":true,"href":"https:\/\/edublog.educastur.es\/biblioblog\/wp-json\/wp\/v2\/comments?post=556"}],"version-history":[{"count":6,"href":"https:\/\/edublog.educastur.es\/biblioblog\/wp-json\/wp\/v2\/posts\/556\/revisions"}],"predecessor-version":[{"id":564,"href":"https:\/\/edublog.educastur.es\/biblioblog\/wp-json\/wp\/v2\/posts\/556\/revisions\/564"}],"wp:attachment":[{"href":"https:\/\/edublog.educastur.es\/biblioblog\/wp-json\/wp\/v2\/media?parent=556"}],"wp:term":[{"taxonomy":"category","embeddable":true,"href":"https:\/\/edublog.educastur.es\/biblioblog\/wp-json\/wp\/v2\/categories?post=556"},{"taxonomy":"post_tag","embeddable":true,"href":"https:\/\/edublog.educastur.es\/biblioblog\/wp-json\/wp\/v2\/tags?post=556"}],"curies":[{"name":"wp","href":"https:\/\/api.w.org\/{rel}","templated":true}]}}