{"id":582,"date":"2021-04-23T08:48:24","date_gmt":"2021-04-23T08:48:24","guid":{"rendered":"https:\/\/edublog.educastur.es\/biblioblog\/?p=582"},"modified":"2021-04-23T09:02:02","modified_gmt":"2021-04-23T09:02:02","slug":"videopoema-viento-del-pueblo-de-miguel-hernandez","status":"publish","type":"post","link":"https:\/\/edublog.educastur.es\/biblioblog\/2021\/04\/23\/videopoema-viento-del-pueblo-de-miguel-hernandez\/","title":{"rendered":"Videopoema: \u00abViento del pueblo\u00bb de Miguel Hern\u00e1ndez"},"content":{"rendered":"<p style=\"text-align: justify\">Con motivo del D\u00eda del Libro, en la clase de Lengua y Literatura Espa\u00f1ola, los alumnos de 4\u00ba A han grabado este videopoema de Miguel Hern\u00e1ndez, editado por Paula Rodr\u00edguez. Gran trabajo, \u00a1muchas gracias por compartirlo!<\/p>\n\n<!-- iframe plugin v.6.0 wordpress.org\/plugins\/iframe\/ -->\n<iframe loading=\"lazy\" width=\"100%\" height=\"400\" src=\"https:\/\/web.microsoftstream.com\/embed\/video\/5ec486e7-e0e1-43c4-a79f-c97d7b1fe57d?\" scrolling=\"yes\" class=\"iframe-class\" frameborder=\"0\"><\/iframe>\n\n<p>&nbsp;<\/p>\n<p>Alumnos participantes en orden de aparici\u00f3n:<\/p>\n<p style=\"text-align: justify\">Ra\u00fal \u00c1lvarez, Nicol\u00e1s Arg\u00fcello, Jos\u00e9 Miguel Arminio, Sergio Bengoa, Javier Bronte, Candela D\u00edez, L\u00eda D\u00edez, Alba Fern\u00e1ndez, L\u00faa Garc\u00eda, Marcos Garc\u00eda, Elisa Garc\u00eda, Alba L\u00f3pez, Hugo Mart\u00ednez, Mario Novoa, Miguel Revilla, Sa\u00fal Rey, Paula Rodr\u00edguez, Carlota Rodr\u00edguez, Pablo Rubio, Candela Solana, Elena Su\u00e1rez, Lucas U\u00f1a, Luis Alberto Valle y Guillermo Villar.<\/p>\n","protected":false},"excerpt":{"rendered":"<p>Con motivo del D\u00eda del Libro, en la clase de Lengua y Literatura Espa\u00f1ola, los alumnos de 4\u00ba A han grabado este videopoema de Miguel Hern\u00e1ndez, editado por Paula Rodr\u00edguez. Gran trabajo, \u00a1muchas gracias por compartirlo! &nbsp; Alumnos participantes en orden de aparici\u00f3n: Ra\u00fal \u00c1lvarez, Nicol\u00e1s Arg\u00fcello, Jos\u00e9 Miguel Arminio, Sergio Bengoa, Javier Bronte, Candela [&hellip;]<\/p>\n","protected":false},"author":536,"featured_media":0,"comment_status":"open","ping_status":"open","sticky":false,"template":"","format":"standard","meta":{"footnotes":""},"categories":[34],"tags":[31],"class_list":["post-582","post","type-post","status-publish","format-standard","hentry","category-departamento-de-lengua","tag-dia-del-libro"],"_links":{"self":[{"href":"https:\/\/edublog.educastur.es\/biblioblog\/wp-json\/wp\/v2\/posts\/582","targetHints":{"allow":["GET"]}}],"collection":[{"href":"https:\/\/edublog.educastur.es\/biblioblog\/wp-json\/wp\/v2\/posts"}],"about":[{"href":"https:\/\/edublog.educastur.es\/biblioblog\/wp-json\/wp\/v2\/types\/post"}],"author":[{"embeddable":true,"href":"https:\/\/edublog.educastur.es\/biblioblog\/wp-json\/wp\/v2\/users\/536"}],"replies":[{"embeddable":true,"href":"https:\/\/edublog.educastur.es\/biblioblog\/wp-json\/wp\/v2\/comments?post=582"}],"version-history":[{"count":7,"href":"https:\/\/edublog.educastur.es\/biblioblog\/wp-json\/wp\/v2\/posts\/582\/revisions"}],"predecessor-version":[{"id":603,"href":"https:\/\/edublog.educastur.es\/biblioblog\/wp-json\/wp\/v2\/posts\/582\/revisions\/603"}],"wp:attachment":[{"href":"https:\/\/edublog.educastur.es\/biblioblog\/wp-json\/wp\/v2\/media?parent=582"}],"wp:term":[{"taxonomy":"category","embeddable":true,"href":"https:\/\/edublog.educastur.es\/biblioblog\/wp-json\/wp\/v2\/categories?post=582"},{"taxonomy":"post_tag","embeddable":true,"href":"https:\/\/edublog.educastur.es\/biblioblog\/wp-json\/wp\/v2\/tags?post=582"}],"curies":[{"name":"wp","href":"https:\/\/api.w.org\/{rel}","templated":true}]}}