{"id":586,"date":"2021-04-23T17:29:00","date_gmt":"2021-04-23T17:29:00","guid":{"rendered":"https:\/\/edublog.educastur.es\/biblioblog\/?p=586"},"modified":"2021-04-25T15:59:44","modified_gmt":"2021-04-25T15:59:44","slug":"premios-del-concurso-de-microrrelatos-2021-dia-del-libro","status":"publish","type":"post","link":"https:\/\/edublog.educastur.es\/biblioblog\/2021\/04\/23\/premios-del-concurso-de-microrrelatos-2021-dia-del-libro\/","title":{"rendered":"PREMIOS DEL CONCURSO DE MICRORRELATOS 2021 (D\u00eda del Libro)"},"content":{"rendered":"<p>Estos son los relatos premiados:<\/p>\n<ul>\n<li><span style=\"font-size: 18pt\">1\u00aa Categor\u00eda (1\u00ba y 2\u00ba ESO). Idioma: Castellano<\/span><\/li>\n<\/ul>\n<p>\u00abEl origen de las mareas\u00bb, por Sof\u00eda Hern\u00e1ndez (2\u00baESO C)<\/p>\n<ul>\n<li><span style=\"font-size: 18pt\">1\u00aa Categor\u00eda (1\u00ba y 2\u00ba ESO). Idioma: Ingl\u00e9s<\/span><\/li>\n<\/ul>\n<p>\u00abSea in April\u00bb, por Daniela Boto\u00a0 (1\u00ba ESO D )<\/p>\n<ul>\n<li><span style=\"font-size: 18pt\">2\u00aa Categor\u00eda (3\u00ba ESO, 4\u00ba ESO y FPB). Idioma: Castellano<\/span><\/li>\n<\/ul>\n<p>\u00abTempestad\u00bb, por Pablo Rubio (4\u00ba ESO A)<\/p>\n<ul>\n<li><span style=\"font-size: 18pt\">2\u00aa Categor\u00eda (3\u00ba ESO, 4\u00ba ESO y FPB). Idioma: Ingl\u00e9s<\/span><\/li>\n<\/ul>\n<p>\u00abThe stranger\u00bb, por Alejandro L\u00f3pez \u00c1lvarez (3\u00ba ESO C)<\/p>\n<ul>\n<li><span style=\"font-size: 18pt\">2\u00aa Categor\u00eda (3\u00ba ESO, 4\u00ba ESO y FPB). Idioma: Franc\u00e9s<\/span><\/li>\n<\/ul>\n<p>\u00abLe r\u00eave de Louis\u00bb, por Alejandro L\u00f3pez \u00c1lvarez (3\u00ba ESO C)<\/p>\n<ul>\n<li><span style=\"font-size: 18pt\">3\u00aa Categor\u00eda (Bachillerato y resto de Ciclos Formativos). Idioma: Castellano<\/span><\/li>\n<\/ul>\n<p>\u00abAl final\u00bb, por Luc\u00eda Barrera (1\u00ba Bach A)<\/p>\n<p>&nbsp;<\/p>\n\n<!-- iframe plugin v.6.0 wordpress.org\/plugins\/iframe\/ -->\n<iframe loading=\"lazy\" width=\"760px\" height=\"500px\" src=\"https:\/\/sway.office.com\/s\/uzj7eJCPpNOegCRh\/embed\" scrolling=\"yes\" class=\"iframe-class\" frameborder=\"0\"><\/iframe>\n\n<p>&nbsp;<\/p>\n<p style=\"text-align: justify\">Los profesores que hemos participado en la selecci\u00f3n y valoraci\u00f3n de los relatos presentados queremos felicitar a todos los participantes. A continuaci\u00f3n, nombramos a los alumnos cuyos relatos fueron seleccionados en cada nivel. \u00a1Nuestra enhorabuena a todos ellos!<\/p>\n<p style=\"text-align: justify\"><strong>1\u00ba ESO<\/strong>: Alexandra Pichurin, Ana Collantes, Candela D\u00edaz \u00c1lvarez, El\u00edas G\u00e1lvez, Eva Fdez. Artime, Hugo Palacios, Mart\u00edn Frechilla, Mayte Cardona, Luc\u00eda Veiga, Ruth Rey Fdez y Sofiane Chafik.<\/p>\n<p style=\"text-align: justify\"><strong>2\u00ba ESO<\/strong>: Alba Garc\u00eda L\u00f3pez, \u00c1lvaro D\u00edaz Bernardo, Ana Armengol, Ashlyn Morlet, Brian Redondo y Daphne K. Madriz.<\/p>\n<p style=\"text-align: justify\"><strong>3\u00ba ESO<\/strong>: Aida Canella, Carla Rodr\u00edguez Fdez, Christiane Tchuatou, Estela U\u00f1a Garc\u00eda, George Pricorici, Ivan Iarunichev, Lola Garc\u00eda Otero y Yara Rodr\u00edguez Sol\u00eds.<\/p>\n<p style=\"text-align: justify\"><strong>4\u00ba ESO<\/strong>: Alba Fern\u00e1ndez, Aimar P\u00e9rez, Candela D\u00edez, Carla Mart\u00ednez Fdez., Javier Bronte, Jose Miguel Arminio, L\u00eda D\u00edez, Mateo Jian Vallina, Nicol\u00e1s Arg\u00fcello, Sa\u00fal Rey y Sergio Bengoa.<\/p>\n<p style=\"text-align: justify\"><strong>FPB<\/strong>: Ciprian Cimpoyeru, Estefan\u00eda Kretschmann, Jordan David G\u00f3mez, Luis Rubio, Pelayo Men\u00e9ndez, Sandra L\u00f3pez y Josef Casado.<\/p>\n<p style=\"text-align: justify\"><strong>1\u00ba<\/strong> <strong>Bachillerato<\/strong>: Adri\u00e1n de la Fuente, Alicia Vicente, Ana Rosa D\u00edaz Morales, Andrea Ivanov, Carla Garc\u00eda Fdez, David Glez. L\u00f3pez, Julia Morales, Manuel Cuervo, Mar\u00eda Nieto, Pablo Luis Olay y Roman Pichurin.<\/p>\n<p><img loading=\"lazy\" decoding=\"async\" class=\"aligncenter size-full wp-image-605\" src=\"http:\/\/edublog.educastur.es\/biblioblog\/files\/2021\/04\/Imagen2.jpg\" alt=\"\" width=\"297\" height=\"222\" \/><\/p>\n<p style=\"text-align: center\">Imagen de Roman Pichurin<\/p>\n<p style=\"text-align: justify\">Por \u00faltimo, quiero dar las gracias al grupo de profesores que ha colaborado en este concurso. Sin vuestra ayuda, no habr\u00eda sido posible.<\/p>\n<p>&nbsp;<\/p>\n<p><img loading=\"lazy\" decoding=\"async\" class=\"wp-image-579 aligncenter\" src=\"http:\/\/edublog.educastur.es\/biblioblog\/files\/2021\/04\/cartel-castellano_page-0001-1-731x1024.jpg\" alt=\"\" width=\"449\" height=\"629\" srcset=\"https:\/\/edublog.educastur.es\/biblioblog\/files\/2021\/04\/cartel-castellano_page-0001-1-731x1024.jpg 731w, https:\/\/edublog.educastur.es\/biblioblog\/files\/2021\/04\/cartel-castellano_page-0001-1-214x300.jpg 214w, https:\/\/edublog.educastur.es\/biblioblog\/files\/2021\/04\/cartel-castellano_page-0001-1-768x1076.jpg 768w, https:\/\/edublog.educastur.es\/biblioblog\/files\/2021\/04\/cartel-castellano_page-0001-1.jpg 914w\" sizes=\"auto, (max-width: 449px) 100vw, 449px\" \/><\/p>\n","protected":false},"excerpt":{"rendered":"<p>Estos son los relatos premiados: 1\u00aa Categor\u00eda (1\u00ba y 2\u00ba ESO). Idioma: Castellano \u00abEl origen de las mareas\u00bb, por Sof\u00eda Hern\u00e1ndez (2\u00baESO C) 1\u00aa Categor\u00eda (1\u00ba y 2\u00ba ESO). Idioma: Ingl\u00e9s \u00abSea in April\u00bb, por Daniela Boto\u00a0 (1\u00ba ESO D ) 2\u00aa Categor\u00eda (3\u00ba ESO, 4\u00ba ESO y FPB). Idioma: Castellano \u00abTempestad\u00bb, por Pablo Rubio [&hellip;]<\/p>\n","protected":false},"author":536,"featured_media":0,"comment_status":"open","ping_status":"open","sticky":false,"template":"","format":"standard","meta":{"footnotes":""},"categories":[19,30],"tags":[31],"class_list":["post-586","post","type-post","status-publish","format-standard","hentry","category-actividades-de-la-biblioteca","category-concursos","tag-dia-del-libro"],"_links":{"self":[{"href":"https:\/\/edublog.educastur.es\/biblioblog\/wp-json\/wp\/v2\/posts\/586","targetHints":{"allow":["GET"]}}],"collection":[{"href":"https:\/\/edublog.educastur.es\/biblioblog\/wp-json\/wp\/v2\/posts"}],"about":[{"href":"https:\/\/edublog.educastur.es\/biblioblog\/wp-json\/wp\/v2\/types\/post"}],"author":[{"embeddable":true,"href":"https:\/\/edublog.educastur.es\/biblioblog\/wp-json\/wp\/v2\/users\/536"}],"replies":[{"embeddable":true,"href":"https:\/\/edublog.educastur.es\/biblioblog\/wp-json\/wp\/v2\/comments?post=586"}],"version-history":[{"count":11,"href":"https:\/\/edublog.educastur.es\/biblioblog\/wp-json\/wp\/v2\/posts\/586\/revisions"}],"predecessor-version":[{"id":608,"href":"https:\/\/edublog.educastur.es\/biblioblog\/wp-json\/wp\/v2\/posts\/586\/revisions\/608"}],"wp:attachment":[{"href":"https:\/\/edublog.educastur.es\/biblioblog\/wp-json\/wp\/v2\/media?parent=586"}],"wp:term":[{"taxonomy":"category","embeddable":true,"href":"https:\/\/edublog.educastur.es\/biblioblog\/wp-json\/wp\/v2\/categories?post=586"},{"taxonomy":"post_tag","embeddable":true,"href":"https:\/\/edublog.educastur.es\/biblioblog\/wp-json\/wp\/v2\/tags?post=586"}],"curies":[{"name":"wp","href":"https:\/\/api.w.org\/{rel}","templated":true}]}}