{"id":60,"date":"2020-12-04T20:24:22","date_gmt":"2020-12-04T20:24:22","guid":{"rendered":"https:\/\/edublog.educastur.es\/biblioblog\/?p=60"},"modified":"2021-02-16T13:50:45","modified_gmt":"2021-02-16T13:50:45","slug":"los-suenos-de-las-ninas","status":"publish","type":"post","link":"https:\/\/edublog.educastur.es\/biblioblog\/2020\/12\/04\/los-suenos-de-las-ninas\/","title":{"rendered":"\u00abLos sue\u00f1os de las ni\u00f1as\u00bb"},"content":{"rendered":"<p style=\"text-align: justify\"><code><\/code>En el d\u00eda Internacional de la Ni\u00f1a, la organizaci\u00f3n \u00abSave the children\u00bb nos muestra la situaci\u00f3n de muchas ni\u00f1as en el mundo.<\/p>\n<p><a href=\"https:\/\/youtu.be\/8iuvTEuK8rQ\"><img loading=\"lazy\" decoding=\"async\" class=\"alignnone wp-image-91 aligncenter\" src=\"http:\/\/edublog.educastur.es\/biblioblog\/files\/2020\/12\/suenos-1024x577.jpg\" alt=\"\" width=\"567\" height=\"320\" srcset=\"https:\/\/edublog.educastur.es\/biblioblog\/files\/2020\/12\/suenos-1024x577.jpg 1024w, https:\/\/edublog.educastur.es\/biblioblog\/files\/2020\/12\/suenos-300x169.jpg 300w, https:\/\/edublog.educastur.es\/biblioblog\/files\/2020\/12\/suenos-768x433.jpg 768w, https:\/\/edublog.educastur.es\/biblioblog\/files\/2020\/12\/suenos-1000x564.jpg 1000w, https:\/\/edublog.educastur.es\/biblioblog\/files\/2020\/12\/suenos-532x300.jpg 532w, https:\/\/edublog.educastur.es\/biblioblog\/files\/2020\/12\/suenos.jpg 1068w\" sizes=\"auto, (max-width: 567px) 100vw, 567px\" \/><\/a><\/p>\n<p style=\"text-align: center\">V\u00eddeo:\u00a0 <a href=\"https:\/\/youtu.be\/8iuvTEuK8rQ\">\u00a0Los sue\u00f1os de las ni\u00f1as<\/a><\/p>\n<p>&nbsp;<\/p>\n","protected":false},"excerpt":{"rendered":"<p>En el d\u00eda Internacional de la Ni\u00f1a, la organizaci\u00f3n \u00abSave the children\u00bb nos muestra la situaci\u00f3n de muchas ni\u00f1as en el mundo. V\u00eddeo:\u00a0 \u00a0Los sue\u00f1os de las ni\u00f1as &nbsp;<\/p>\n","protected":false},"author":536,"featured_media":0,"comment_status":"open","ping_status":"open","sticky":false,"template":"","format":"standard","meta":{"footnotes":""},"categories":[18],"tags":[25],"class_list":["post-60","post","type-post","status-publish","format-standard","hentry","category-efemerides","tag-igualdad"],"_links":{"self":[{"href":"https:\/\/edublog.educastur.es\/biblioblog\/wp-json\/wp\/v2\/posts\/60","targetHints":{"allow":["GET"]}}],"collection":[{"href":"https:\/\/edublog.educastur.es\/biblioblog\/wp-json\/wp\/v2\/posts"}],"about":[{"href":"https:\/\/edublog.educastur.es\/biblioblog\/wp-json\/wp\/v2\/types\/post"}],"author":[{"embeddable":true,"href":"https:\/\/edublog.educastur.es\/biblioblog\/wp-json\/wp\/v2\/users\/536"}],"replies":[{"embeddable":true,"href":"https:\/\/edublog.educastur.es\/biblioblog\/wp-json\/wp\/v2\/comments?post=60"}],"version-history":[{"count":15,"href":"https:\/\/edublog.educastur.es\/biblioblog\/wp-json\/wp\/v2\/posts\/60\/revisions"}],"predecessor-version":[{"id":315,"href":"https:\/\/edublog.educastur.es\/biblioblog\/wp-json\/wp\/v2\/posts\/60\/revisions\/315"}],"wp:attachment":[{"href":"https:\/\/edublog.educastur.es\/biblioblog\/wp-json\/wp\/v2\/media?parent=60"}],"wp:term":[{"taxonomy":"category","embeddable":true,"href":"https:\/\/edublog.educastur.es\/biblioblog\/wp-json\/wp\/v2\/categories?post=60"},{"taxonomy":"post_tag","embeddable":true,"href":"https:\/\/edublog.educastur.es\/biblioblog\/wp-json\/wp\/v2\/tags?post=60"}],"curies":[{"name":"wp","href":"https:\/\/api.w.org\/{rel}","templated":true}]}}