{"id":652,"date":"2021-06-15T18:37:11","date_gmt":"2021-06-15T18:37:11","guid":{"rendered":"https:\/\/edublog.educastur.es\/biblioblog\/?p=652"},"modified":"2021-06-15T20:10:11","modified_gmt":"2021-06-15T20:10:11","slug":"dia-del-medioambiente","status":"publish","type":"post","link":"https:\/\/edublog.educastur.es\/biblioblog\/2021\/06\/15\/dia-del-medioambiente\/","title":{"rendered":"D\u00eda del Medioambiente"},"content":{"rendered":"<p style=\"text-align: justify\">Hace unos d\u00edas celebr\u00e1bamos el D\u00eda del Medioambiente. En nuestro centro queremos sumar, queremos ayudar a concienciar sobre la importancia de cuidar nuestro planeta. Los alumnos de 2\u00baD han aprendido con Tori, nuestra asistente ling\u00fc\u00edstica, sobre los problemas medioambientales. Han elaborado trabajos en ingl\u00e9s y realizado exposiciones orales sobre problemas como la deforestaci\u00f3n, la contaminaci\u00f3n del aire y el smog, los vertidos de crudo, la contaminaci\u00f3n y sobreexplotaci\u00f3n de nuestros oc\u00e9anos, los da\u00f1os medioambientales producidos por los pl\u00e1sticos, etc. Aqu\u00ed os dejamos unos dibujos, realizados por \u00c1lvaro, Ashlyn, Dar\u00edo e Iman tras la sesi\u00f3n dedicada a la huella de carbono:<\/p>\n<div id='gallery-1' class='gallery galleryid-652 gallery-columns-2 gallery-size-medium'><figure class='gallery-item'>\n\t\t\t<div class='gallery-icon portrait'>\n\t\t\t\t<a href='https:\/\/edublog.educastur.es\/biblioblog\/2021\/06\/15\/dia-del-medioambiente\/img_20210510_182151-1\/'><img loading=\"lazy\" decoding=\"async\" width=\"150\" height=\"300\" src=\"https:\/\/edublog.educastur.es\/biblioblog\/files\/2021\/05\/IMG_20210510_182151-1-150x300.jpg\" class=\"attachment-medium size-medium\" alt=\"\" srcset=\"https:\/\/edublog.educastur.es\/biblioblog\/files\/2021\/05\/IMG_20210510_182151-1-150x300.jpg 150w, https:\/\/edublog.educastur.es\/biblioblog\/files\/2021\/05\/IMG_20210510_182151-1-512x1024.jpg 512w, https:\/\/edublog.educastur.es\/biblioblog\/files\/2021\/05\/IMG_20210510_182151-1.jpg 640w\" sizes=\"auto, (max-width: 150px) 100vw, 150px\" \/><\/a>\n\t\t\t<\/div><\/figure><figure class='gallery-item'>\n\t\t\t<div class='gallery-icon portrait'>\n\t\t\t\t<a href='https:\/\/edublog.educastur.es\/biblioblog\/2021\/06\/15\/dia-del-medioambiente\/img_20210510_194331-1\/'><img loading=\"lazy\" decoding=\"async\" width=\"150\" height=\"300\" src=\"https:\/\/edublog.educastur.es\/biblioblog\/files\/2021\/05\/IMG_20210510_194331-1-150x300.jpg\" class=\"attachment-medium size-medium\" alt=\"\" srcset=\"https:\/\/edublog.educastur.es\/biblioblog\/files\/2021\/05\/IMG_20210510_194331-1-150x300.jpg 150w, https:\/\/edublog.educastur.es\/biblioblog\/files\/2021\/05\/IMG_20210510_194331-1-512x1024.jpg 512w, https:\/\/edublog.educastur.es\/biblioblog\/files\/2021\/05\/IMG_20210510_194331-1.jpg 640w\" sizes=\"auto, (max-width: 150px) 100vw, 150px\" \/><\/a>\n\t\t\t<\/div><\/figure><figure class='gallery-item'>\n\t\t\t<div class='gallery-icon portrait'>\n\t\t\t\t<a href='https:\/\/edublog.educastur.es\/biblioblog\/2021\/06\/15\/dia-del-medioambiente\/img_20210510_182202-1\/'><img loading=\"lazy\" decoding=\"async\" width=\"150\" height=\"300\" src=\"https:\/\/edublog.educastur.es\/biblioblog\/files\/2021\/05\/IMG_20210510_182202-1-150x300.jpg\" class=\"attachment-medium size-medium\" alt=\"\" srcset=\"https:\/\/edublog.educastur.es\/biblioblog\/files\/2021\/05\/IMG_20210510_182202-1-150x300.jpg 150w, https:\/\/edublog.educastur.es\/biblioblog\/files\/2021\/05\/IMG_20210510_182202-1-512x1024.jpg 512w, https:\/\/edublog.educastur.es\/biblioblog\/files\/2021\/05\/IMG_20210510_182202-1.jpg 640w\" sizes=\"auto, (max-width: 150px) 100vw, 150px\" \/><\/a>\n\t\t\t<\/div><\/figure><figure class='gallery-item'>\n\t\t\t<div class='gallery-icon portrait'>\n\t\t\t\t<a href='https:\/\/edublog.educastur.es\/biblioblog\/2021\/06\/15\/dia-del-medioambiente\/img_20210510_182125-1\/'><img loading=\"lazy\" decoding=\"async\" width=\"150\" height=\"300\" src=\"https:\/\/edublog.educastur.es\/biblioblog\/files\/2021\/05\/IMG_20210510_182125-1-150x300.jpg\" class=\"attachment-medium size-medium\" alt=\"\" srcset=\"https:\/\/edublog.educastur.es\/biblioblog\/files\/2021\/05\/IMG_20210510_182125-1-150x300.jpg 150w, https:\/\/edublog.educastur.es\/biblioblog\/files\/2021\/05\/IMG_20210510_182125-1-512x1024.jpg 512w, https:\/\/edublog.educastur.es\/biblioblog\/files\/2021\/05\/IMG_20210510_182125-1.jpg 640w\" sizes=\"auto, (max-width: 150px) 100vw, 150px\" \/><\/a>\n\t\t\t<\/div><\/figure>\n\t\t<\/div>\n\n<p>&nbsp;<\/p>\n<p style=\"text-align: center\"><span style=\"font-size: 18pt\">\u00a1Muchas gracias por compartir!<\/span><\/p>\n","protected":false},"excerpt":{"rendered":"<p>Hace unos d\u00edas celebr\u00e1bamos el D\u00eda del Medioambiente. En nuestro centro queremos sumar, queremos ayudar a concienciar sobre la importancia de cuidar nuestro planeta. Los alumnos de 2\u00baD han aprendido con Tori, nuestra asistente ling\u00fc\u00edstica, sobre los problemas medioambientales. Han elaborado trabajos en ingl\u00e9s y realizado exposiciones orales sobre problemas como la deforestaci\u00f3n, la contaminaci\u00f3n [&hellip;]<\/p>\n","protected":false},"author":536,"featured_media":0,"comment_status":"open","ping_status":"open","sticky":false,"template":"","format":"standard","meta":{"footnotes":""},"categories":[18,20],"tags":[37],"class_list":["post-652","post","type-post","status-publish","format-standard","hentry","category-efemerides","category-departamento-de-ingles","tag-medioambiente"],"_links":{"self":[{"href":"https:\/\/edublog.educastur.es\/biblioblog\/wp-json\/wp\/v2\/posts\/652","targetHints":{"allow":["GET"]}}],"collection":[{"href":"https:\/\/edublog.educastur.es\/biblioblog\/wp-json\/wp\/v2\/posts"}],"about":[{"href":"https:\/\/edublog.educastur.es\/biblioblog\/wp-json\/wp\/v2\/types\/post"}],"author":[{"embeddable":true,"href":"https:\/\/edublog.educastur.es\/biblioblog\/wp-json\/wp\/v2\/users\/536"}],"replies":[{"embeddable":true,"href":"https:\/\/edublog.educastur.es\/biblioblog\/wp-json\/wp\/v2\/comments?post=652"}],"version-history":[{"count":8,"href":"https:\/\/edublog.educastur.es\/biblioblog\/wp-json\/wp\/v2\/posts\/652\/revisions"}],"predecessor-version":[{"id":679,"href":"https:\/\/edublog.educastur.es\/biblioblog\/wp-json\/wp\/v2\/posts\/652\/revisions\/679"}],"wp:attachment":[{"href":"https:\/\/edublog.educastur.es\/biblioblog\/wp-json\/wp\/v2\/media?parent=652"}],"wp:term":[{"taxonomy":"category","embeddable":true,"href":"https:\/\/edublog.educastur.es\/biblioblog\/wp-json\/wp\/v2\/categories?post=652"},{"taxonomy":"post_tag","embeddable":true,"href":"https:\/\/edublog.educastur.es\/biblioblog\/wp-json\/wp\/v2\/tags?post=652"}],"curies":[{"name":"wp","href":"https:\/\/api.w.org\/{rel}","templated":true}]}}