{"id":673,"date":"2021-06-16T13:54:53","date_gmt":"2021-06-16T13:54:53","guid":{"rendered":"https:\/\/edublog.educastur.es\/biblioblog\/?p=673"},"modified":"2021-06-16T16:46:02","modified_gmt":"2021-06-16T16:46:02","slug":"miniolimpiada-de-fisica-y-quimica","status":"publish","type":"post","link":"https:\/\/edublog.educastur.es\/biblioblog\/2021\/06\/16\/miniolimpiada-de-fisica-y-quimica\/","title":{"rendered":"Olimpiadas y Miniolimpiada"},"content":{"rendered":"<p style=\"text-align: justify\">Celebramos la participaci\u00f3n de alumnado de 3\u00ba ESO en la Miniolimpiada de F\u00edsica y Qu\u00edmica y los felicitamos a todos, en especial a Alejandro Huergo y Elena Garc\u00eda, por la obtenci\u00f3n de sendas menciones de honor.<\/p>\n<div id='gallery-1' class='gallery galleryid-673 gallery-columns-2 gallery-size-medium'><figure class='gallery-item'>\n\t\t\t<div class='gallery-icon portrait'>\n\t\t\t\t<a href='https:\/\/edublog.educastur.es\/biblioblog\/2021\/06\/16\/miniolimpiada-de-fisica-y-quimica\/microsoftteams-image\/'><img loading=\"lazy\" decoding=\"async\" width=\"169\" height=\"300\" src=\"https:\/\/edublog.educastur.es\/biblioblog\/files\/2021\/06\/MicrosoftTeams-image-169x300.jpg\" class=\"attachment-medium size-medium\" alt=\"\" srcset=\"https:\/\/edublog.educastur.es\/biblioblog\/files\/2021\/06\/MicrosoftTeams-image-169x300.jpg 169w, https:\/\/edublog.educastur.es\/biblioblog\/files\/2021\/06\/MicrosoftTeams-image.jpg 450w\" sizes=\"auto, (max-width: 169px) 100vw, 169px\" \/><\/a>\n\t\t\t<\/div><\/figure><figure class='gallery-item'>\n\t\t\t<div class='gallery-icon portrait'>\n\t\t\t\t<a href='https:\/\/edublog.educastur.es\/biblioblog\/2021\/06\/16\/miniolimpiada-de-fisica-y-quimica\/microsoftteams-image-1\/'><img loading=\"lazy\" decoding=\"async\" width=\"169\" height=\"300\" src=\"https:\/\/edublog.educastur.es\/biblioblog\/files\/2021\/06\/MicrosoftTeams-image-1-169x300.jpg\" class=\"attachment-medium size-medium\" alt=\"\" srcset=\"https:\/\/edublog.educastur.es\/biblioblog\/files\/2021\/06\/MicrosoftTeams-image-1-169x300.jpg 169w, https:\/\/edublog.educastur.es\/biblioblog\/files\/2021\/06\/MicrosoftTeams-image-1.jpg 450w\" sizes=\"auto, (max-width: 169px) 100vw, 169px\" \/><\/a>\n\t\t\t<\/div><\/figure>\n\t\t<\/div>\n\n<p style=\"text-align: center\"><img loading=\"lazy\" decoding=\"async\" class=\"aligncenter size-medium wp-image-688\" src=\"http:\/\/edublog.educastur.es\/biblioblog\/files\/2021\/06\/MicrosoftTeams-image-2-300x169.jpg\" alt=\"\" width=\"300\" height=\"169\" srcset=\"https:\/\/edublog.educastur.es\/biblioblog\/files\/2021\/06\/MicrosoftTeams-image-2-300x169.jpg 300w, https:\/\/edublog.educastur.es\/biblioblog\/files\/2021\/06\/MicrosoftTeams-image-2-768x432.jpg 768w, https:\/\/edublog.educastur.es\/biblioblog\/files\/2021\/06\/MicrosoftTeams-image-2-533x300.jpg 533w, https:\/\/edublog.educastur.es\/biblioblog\/files\/2021\/06\/MicrosoftTeams-image-2.jpg 800w\" sizes=\"auto, (max-width: 300px) 100vw, 300px\" \/><\/p>\n<p style=\"text-align: justify\">Nuestra felicitaci\u00f3n tambi\u00e9n a los alumnos de 2\u00ba de Bachillerato, Jaime Cantero Guti\u00e9rrez, Luis Salvador Ferrero Carneiro y Julia Morales Alonso, que participaron en la Olimpiada de F\u00edsica, as\u00ed como a Pablo Fern\u00e1ndez Artime, Hugo Garc\u00eda Su\u00e1rez (d\u00e9cima menci\u00f3n de honor) y Francisco Javier Su\u00e1rez \u00c1lvarez (primera menci\u00f3n de honor), por su participaci\u00f3n en la Olimpiada de Qu\u00edmica.<\/p>\n<div><\/div>\n<div style=\"text-align: center\"><img loading=\"lazy\" decoding=\"async\" class=\"aligncenter size-medium wp-image-694\" src=\"http:\/\/edublog.educastur.es\/biblioblog\/files\/2021\/06\/MicrosoftTeams-image-3-300x245.jpg\" alt=\"\" width=\"300\" height=\"245\" srcset=\"https:\/\/edublog.educastur.es\/biblioblog\/files\/2021\/06\/MicrosoftTeams-image-3-300x245.jpg 300w, https:\/\/edublog.educastur.es\/biblioblog\/files\/2021\/06\/MicrosoftTeams-image-3-768x628.jpg 768w, https:\/\/edublog.educastur.es\/biblioblog\/files\/2021\/06\/MicrosoftTeams-image-3-367x300.jpg 367w, https:\/\/edublog.educastur.es\/biblioblog\/files\/2021\/06\/MicrosoftTeams-image-3.jpg 800w\" sizes=\"auto, (max-width: 300px) 100vw, 300px\" \/><\/div>\n<p style=\"text-align: center\"><span style=\"font-size: 14pt\">\u00a1<span style=\"font-size: 18pt\">Enhorabuena a todos<\/span>!<\/span><\/p>\n","protected":false},"excerpt":{"rendered":"<p>Celebramos la participaci\u00f3n de alumnado de 3\u00ba ESO en la Miniolimpiada de F\u00edsica y Qu\u00edmica y los felicitamos a todos, en especial a Alejandro Huergo y Elena Garc\u00eda, por la obtenci\u00f3n de sendas menciones de honor. Nuestra felicitaci\u00f3n tambi\u00e9n a los alumnos de 2\u00ba de Bachillerato, Jaime Cantero Guti\u00e9rrez, Luis Salvador Ferrero Carneiro y Julia [&hellip;]<\/p>\n","protected":false},"author":536,"featured_media":0,"comment_status":"open","ping_status":"open","sticky":false,"template":"","format":"standard","meta":{"footnotes":""},"categories":[40],"tags":[41,44],"class_list":["post-673","post","type-post","status-publish","format-standard","hentry","category-noticias-de-nuestro-centro","tag-miniolimpiadas","tag-olimpiadas"],"_links":{"self":[{"href":"https:\/\/edublog.educastur.es\/biblioblog\/wp-json\/wp\/v2\/posts\/673","targetHints":{"allow":["GET"]}}],"collection":[{"href":"https:\/\/edublog.educastur.es\/biblioblog\/wp-json\/wp\/v2\/posts"}],"about":[{"href":"https:\/\/edublog.educastur.es\/biblioblog\/wp-json\/wp\/v2\/types\/post"}],"author":[{"embeddable":true,"href":"https:\/\/edublog.educastur.es\/biblioblog\/wp-json\/wp\/v2\/users\/536"}],"replies":[{"embeddable":true,"href":"https:\/\/edublog.educastur.es\/biblioblog\/wp-json\/wp\/v2\/comments?post=673"}],"version-history":[{"count":13,"href":"https:\/\/edublog.educastur.es\/biblioblog\/wp-json\/wp\/v2\/posts\/673\/revisions"}],"predecessor-version":[{"id":702,"href":"https:\/\/edublog.educastur.es\/biblioblog\/wp-json\/wp\/v2\/posts\/673\/revisions\/702"}],"wp:attachment":[{"href":"https:\/\/edublog.educastur.es\/biblioblog\/wp-json\/wp\/v2\/media?parent=673"}],"wp:term":[{"taxonomy":"category","embeddable":true,"href":"https:\/\/edublog.educastur.es\/biblioblog\/wp-json\/wp\/v2\/categories?post=673"},{"taxonomy":"post_tag","embeddable":true,"href":"https:\/\/edublog.educastur.es\/biblioblog\/wp-json\/wp\/v2\/tags?post=673"}],"curies":[{"name":"wp","href":"https:\/\/api.w.org\/{rel}","templated":true}]}}