{"id":704,"date":"2021-09-07T17:16:45","date_gmt":"2021-09-07T17:16:45","guid":{"rendered":"https:\/\/edublog.educastur.es\/biblioblog\/?p=704"},"modified":"2021-09-07T17:25:43","modified_gmt":"2021-09-07T17:25:43","slug":"se-abre-el-telon","status":"publish","type":"post","link":"https:\/\/edublog.educastur.es\/biblioblog\/2021\/09\/07\/se-abre-el-telon\/","title":{"rendered":"Se abre el tel\u00f3n&#8230;"},"content":{"rendered":"<p style=\"text-align: justify\">Cerramos el curso 20-21 con esta presentaci\u00f3n, una peque\u00f1a muestra del gran trabajo de ocho alumnas de tercero de ESO (D) que, en los \u00faltimos d\u00edas del curso, escenificaron fragmentos de grandes cl\u00e1sicos literarios ante sus compa\u00f1eros de aula y otros grupos de niveles inferiores. Todo un lujo contar con su trabajo, su esfuerzo y su ilusi\u00f3n cada vez que se ponen manos a la obra.\u00a0Nuestra enhorabuena a todas:<\/p>\n<p>Luc\u00eda Cuesta Viejo, L\u00eda Fern\u00e1ndez Vallina y Claudia Lanchas en \u00abEl Quijote\u00bb.<\/p>\n<p>Aida Canella y Laura Gonz\u00e1lez Castro en \u00abLa Celestina\u00bb.<\/p>\n<p>Sof\u00eda Gonz\u00e1lez Posada, Celia Puy L\u00f3pez L\u00f3pez y Mar\u00eda Mart\u00edn Fern\u00e1ndez en \u00abLa vida es sue\u00f1o\u00bb.<\/p>\n<p>&nbsp;<\/p>\n\n<!-- iframe plugin v.6.0 wordpress.org\/plugins\/iframe\/ -->\n<iframe loading=\"lazy\" width=\"100%\" height=\"450\" src=\"https:\/\/sway.office.com\/s\/9gsRIY4Jrnr6HoCY\/embed\" scrolling=\"yes\" class=\"iframe-class\" frameborder=\"0\"><\/iframe>\n\n<p>&nbsp;<\/p>\n<p>&nbsp;<\/p>\n<p style=\"text-align: center\">Como siempre, MIL GRACIAS POR COMPARTIR.<\/p>\n<p>&nbsp;<\/p>\n","protected":false},"excerpt":{"rendered":"<p>Cerramos el curso 20-21 con esta presentaci\u00f3n, una peque\u00f1a muestra del gran trabajo de ocho alumnas de tercero de ESO (D) que, en los \u00faltimos d\u00edas del curso, escenificaron fragmentos de grandes cl\u00e1sicos literarios ante sus compa\u00f1eros de aula y otros grupos de niveles inferiores. Todo un lujo contar con su trabajo, su esfuerzo y [&hellip;]<\/p>\n","protected":false},"author":536,"featured_media":0,"comment_status":"open","ping_status":"open","sticky":false,"template":"","format":"standard","meta":{"footnotes":""},"categories":[34],"tags":[33],"class_list":["post-704","post","type-post","status-publish","format-standard","hentry","category-departamento-de-lengua","tag-actividades-de-aula"],"_links":{"self":[{"href":"https:\/\/edublog.educastur.es\/biblioblog\/wp-json\/wp\/v2\/posts\/704","targetHints":{"allow":["GET"]}}],"collection":[{"href":"https:\/\/edublog.educastur.es\/biblioblog\/wp-json\/wp\/v2\/posts"}],"about":[{"href":"https:\/\/edublog.educastur.es\/biblioblog\/wp-json\/wp\/v2\/types\/post"}],"author":[{"embeddable":true,"href":"https:\/\/edublog.educastur.es\/biblioblog\/wp-json\/wp\/v2\/users\/536"}],"replies":[{"embeddable":true,"href":"https:\/\/edublog.educastur.es\/biblioblog\/wp-json\/wp\/v2\/comments?post=704"}],"version-history":[{"count":14,"href":"https:\/\/edublog.educastur.es\/biblioblog\/wp-json\/wp\/v2\/posts\/704\/revisions"}],"predecessor-version":[{"id":718,"href":"https:\/\/edublog.educastur.es\/biblioblog\/wp-json\/wp\/v2\/posts\/704\/revisions\/718"}],"wp:attachment":[{"href":"https:\/\/edublog.educastur.es\/biblioblog\/wp-json\/wp\/v2\/media?parent=704"}],"wp:term":[{"taxonomy":"category","embeddable":true,"href":"https:\/\/edublog.educastur.es\/biblioblog\/wp-json\/wp\/v2\/categories?post=704"},{"taxonomy":"post_tag","embeddable":true,"href":"https:\/\/edublog.educastur.es\/biblioblog\/wp-json\/wp\/v2\/tags?post=704"}],"curies":[{"name":"wp","href":"https:\/\/api.w.org\/{rel}","templated":true}]}}