{"id":119,"date":"2022-10-26T20:01:31","date_gmt":"2022-10-26T20:01:31","guid":{"rendered":"https:\/\/edublog.educastur.es\/bibliodeva\/?p=119"},"modified":"2022-10-26T20:01:31","modified_gmt":"2022-10-26T20:01:31","slug":"semana-del-terror-2","status":"publish","type":"post","link":"https:\/\/edublog.educastur.es\/bibliodeva\/2022\/10\/26\/semana-del-terror-2\/","title":{"rendered":"Semana del Terror"},"content":{"rendered":"<p style=\"text-align: center\">A\u00a0lo\u00a0largo\u00a0de\u00a0esta\u00a0<em>Semana\u00a0del\u00a0Terror<\/em>,\u00a0en\u00a0el\u00a0IES\u00a0Isla\u00a0de\u00a0la\u00a0Deva\u00a0te<\/p>\n<p style=\"text-align: center\">acechar\u00e1n\u00a0los\u00a0personajes\u00a0m\u00e1s\u00a0siniestros de\u00a0nuestra\u00a0mitolog\u00eda &#8211;\u00a0la<\/p>\n<p style=\"text-align: center\"><em>g\u00fcestia,<\/em>\u00a0<em>la llavandera<\/em>, la\u00a0<em>guaxa<\/em> y\u00a0el<em>\u00a0busgosu-<\/em>\u00a0o los temibles esp\u00edritus<\/p>\n<p style=\"text-align: center\">del mundo cl\u00e1sico,\u00a0los\u00a0l\u00e9mures\u00a0romanos. Pero tambi\u00e9n encontrar\u00e1s<\/p>\n<p style=\"text-align: center\">presencias amables, como Walter, el fantasma del Conservatorio de Avil\u00e9s.<\/p>\n<p style=\"text-align: center\">Y podr\u00e1s leer La leyenda de <em>La Casona<\/em> <em>de Arnao<\/em> y la historia de la<\/p>\n<p style=\"text-align: center\">sangrienta <em>Mari Cuchiellas<\/em><\/p>\n<p style=\"text-align: center\">Tendr\u00e1s la oportunidad de acercarte\u00a0a\u00a0la\u00a0cocina\u00a0de\u00a0las\u00a0brujas\u00a0de<\/p>\n<p style=\"text-align: center\">Macbeth\u00a0para\u00a0consultar\u00a0su <em>Recipe book <\/em>y podr\u00e1s pasear\u00a0junto\u00a0al\u00a0horroroso<\/p>\n<p style=\"text-align: center\">\u00a0\u00e1rbol\u00a0de\u00a0los \u201cinvalores\u201d.\u00a0O descubrir\u00a0la\u00a0realidad\u00a0biol\u00f3gica\u00a0que\u00a0se<\/p>\n<p style=\"text-align: center\">esconde\u00a0tras\u00a0los hombres\u00a0lobo, qu\u00e9 es la enfermedad de <em>los ciervos zombis<\/em>,\u00a0c\u00f3mo<\/p>\n<p style=\"text-align: center\">funciona la mente de un sic\u00f3pata y el porqu\u00e9<\/p>\n<p style=\"text-align: center\">de\u00a0nuestro\u00a0gusto\u00a0morboso\u00a0por\u00a0el\u00a0miedo, que es tambi\u00e9n una emoci\u00f3n<\/p>\n<p style=\"text-align: center\">estrechamente ligada a la supervivencia.<\/p>\n<p style=\"text-align: center\">Conocer\u00e1s las\u00a0tradiciones\u00a0asturianas\u00a0del\u00a0d\u00eda\u00a0de\u00a0<em>Tolos\u00a0Santos<\/em> y visitar\u00e1s<\/p>\n<p style=\"text-align: center\">un\u00a0cementerio\u00a0cercano al Monte de las \u00c1nimas<\/p>\n<p style=\"text-align: center\">por\u00a0el\u00a0que\u00a0rondan\u00a0don\u00a0Juan\u00a0Tenorio\u00a0y\u00a0el estudiante de Salamanca,<\/p>\n<p style=\"text-align: center\">la\u00a0sat\u00e1nica\u00a0Beatriz\u00a0de\u00a0Valle\u00a0Incl\u00e1n\u00a0o\u00a0el\u00a0temible\u00a0sabueso\u00a0de\u00a0Lovecraft.\u00a0En su af\u00e1n<\/p>\n<p style=\"text-align: center\">de libertad, se\u00a0nos\u00a0ha\u00a0escapado\u00a0hacia\u00a0otra\u00a0esquina\u00a0un\u00a0verdoso y cadav\u00e9rico<\/p>\n<p style=\"text-align: center\">pirata,\u00a0que\u00a0dice\u00a0ser\u00a0el\u00a0cantado\u00a0por\u00a0Espronceda\u00a0y\u00a0al\u00a0que\u00a0no\u00a0le\u00a0falta\u00a0una \u00bb\u00a0Skull\u00a0beer\u00bb<\/p>\n<p style=\"text-align: center\">con\u00a0la que refrescar el ga\u00f1ote.<\/p>\n<p style=\"text-align: center\">Encontrar\u00e1s\u00a0muestras\u00a0de\u00a0sangre\u00a0de vampiro generadas\u00a0en\u00a0los\u00a0laboratorios\u00a0de<\/p>\n<p style=\"text-align: center\">\u00a0Qu\u00edmica y\u00a0una\u00a0demostraci\u00f3n\u00a0del\u00a0principio\u00a0de\u00a0Arqu\u00edmedes\u00a0hecha\u00a0con\u00a0una\u00a0calabaza.<\/p>\n<p style=\"text-align: center\">\u00a0Descubrir\u00e1s a la matem\u00e1tica Ann Mitchel, cuya labor (secreta hasta los a\u00f1os 70)<\/p>\n<p style=\"text-align: center\">permiti\u00f3 la decodificaci\u00f3n de la <em>M\u00e1quina Enigma<\/em> de los nazis y<\/p>\n<p style=\"text-align: center\">result\u00f3 decisiva para la victoria aliada en la Segunda Guerra Mundial.<\/p>\n<p style=\"text-align: center\">Seguir\u00e1s\u00a0el\u00a0terror\u00edfico\u00a0rastro\u00a0de\u00a0c\u00f3digos\u00a0QR\u00a0en\u00a0franc\u00e9s, encontrar\u00e1s\u00a0microrrelatos<\/p>\n<p style=\"text-align: center\">biling\u00fces\u00a0y\u00a0epitafios\u00a0dram\u00e1ticos,\u00a0humor\u00edsticos\u00a0o\u00a0rom\u00e1nticos\u00a0escritos\u00a0en\u00a0varias\u00a0lenguas,<\/p>\n<p style=\"text-align: center\">\u00a0muchos de ellos en lat\u00edn y griego.<\/p>\n<p style=\"text-align: center\">\u00a0Custodiados\u00a0por\u00a0un\u00a0alegre\u00a0esqueleto,\u00a0entre\u00a0velas\u00a0y\u00a0flores,\u00a0presentamos\u00a013+1\u00a0art\u00edsticos<\/p>\n<p style=\"text-align: center\">cuentos\u00a0de\u00a0terror<\/p>\n<p style=\"text-align: center\">creados\u00a0por\u00a0cada\u00a0una\u00a0de\u00a0las\u00a0clases:<\/p>\n<p style=\"text-align: center\">desde\u00a0<em>La\u00a0mansi\u00f3n\u00a0de\u00a0Poe<\/em>\u00a0hasta\u00a0una\u00a0versi\u00f3n\u00a0del\u00a0cl\u00e1sico\u00a0<em>Frankenstein<\/em>,\u00a0de\u00a0Mary\u00a0Shelley,<\/p>\n<p style=\"text-align: center\">o\u00a0de\u00a0<em>El\u00a0\u00e1rbol\u00a0de\u00a0las\u00a0Brujas<\/em>,\u00a0del\u00a0siempre\u00a0genial\u00a0Bradbury.<\/p>\n<p style=\"text-align: center\">El intenso trabajo en las\u00a0clases\u00a0de\u00a0Pl\u00e1stica\u00a0nos\u00a0ha\u00a0envuelto\u00a0en\u00a0un\u00a0mundo<\/p>\n<p style=\"text-align: center\">\u00a0terror\u00edfico\u00a0donde\u00a0las\u00a0criaturas de tus peores pesadillas\u00a0se\u00a0vuelven\u00a0realidad<\/p>\n<p style=\"text-align: center\">mientras\u00a0cruces, l\u00e1pidas\u00a0y\u00a0ata\u00fades\u00a0se\u00a0pegan\u00a0a\u00a0las\u00a0paredes\u00a0de\u00a0nuestro\u00a0instituto.<\/p>\n<p style=\"text-align: center\">Y\u00a0en\u00a0el\u00a0sal\u00f3n\u00a0de\u00a0usos\u00a0m\u00faltiples, convertido en siniestro y oscuro t\u00fanel<\/p>\n<p style=\"text-align: center\">plagado de peligros,<\/p>\n<p style=\"text-align: center\">nos\u00a0enfrentaremos\u00a0a\u00a0una\u00a0invasi\u00f3n\u00a0zombi\u00a0con\u00a0\u00bb\u00a0La\u00a0derrota\u00a0de\u00a0Ferrota\u00bb\u00a0.\u00a0Una\u00a0sorpresa<\/p>\n<p style=\"text-align: center\">tenebrosa y, esperamos,\u00a0muy,\u00a0muy\u00a0divertida.<\/p>\n<p style=\"text-align: center\">Pero no ser\u00e1 la \u00fanica. \u00a0Pronto<\/p>\n<p style=\"text-align: center\">viviremos\u00a0la\u00a0entrada\u00a0de\u00a0<em>Piedrasblancas\u00a0<\/em>en\u00a0los\u00a0mundos\u00a0del\u00a0rev\u00e9s.<\/p>\n<p style=\"text-align: center\">Escapa\u00a0mientras\u00a0puedas:\u00a0\u00abRUN\u00bb.\u00a0Nos esperan<\/p>\n<p style=\"text-align: center\"><em>stranger things.<\/em><\/p>\n<p style=\"text-align: center\"><em>\u00a0<\/em><\/p>\n<p style=\"text-align: center\">Y en la biblioteca podr\u00e1s visitar la exposici\u00f3n de libros y llevarte en pr\u00e9stamo<\/p>\n<p style=\"text-align: center\">el que m\u00e1s\u00a0te apetezca.<em><br \/>\n<\/em><br \/>\nAdem\u00e1s, en\u00a0las\u00a0aulas,\u00a0v\u00eddeos, bailes\u00a0terror\u00edficos,\u00a0m\u00e1scaras\u00a0y\u00a0monstruos\u00a0de\u00a0los\u00a0cinco<\/p>\n<p style=\"text-align: center\">continentes\u00a0acompa\u00f1an\u00a0estos\u00a0d\u00edas\u00a0de\u00a0trabajo\u00a0y\u00a0diversi\u00f3n\u00a0en\u00a0los\u00a0que\u00a0nos<\/p>\n<p style=\"text-align: center\">acercamos\u00a0al\u00a0miedo\u00a0&#8211;\u00a0una\u00a0de\u00a0las\u00a0emociones\u00a0m\u00e1s\u00a0b\u00e1sicas\u00a0del\u00a0ser\u00a0humano-\u00a0desde\u00a0la<\/p>\n<p style=\"text-align: center\">perspectiva\u00a0de\u00a0diversas\u00a0materias.<\/p>\n<p style=\"text-align: center\">Y\u00a0lo\u00a0cierto\u00a0es\u00a0que\u00a0nos\u00a0lo\u00a0estamos\u00a0pasando\u00a0DE\u00a0MIEDO.<\/p>\n","protected":false},"excerpt":{"rendered":"<p>A\u00a0lo\u00a0largo\u00a0de\u00a0esta\u00a0Semana\u00a0del\u00a0Terror,\u00a0en\u00a0el\u00a0IES\u00a0Isla\u00a0de\u00a0la\u00a0Deva\u00a0te acechar\u00e1n\u00a0los\u00a0personajes\u00a0m\u00e1s\u00a0siniestros de\u00a0nuestra\u00a0mitolog\u00eda &#8211;\u00a0la g\u00fcestia,\u00a0la llavandera, la\u00a0guaxa y\u00a0el\u00a0busgosu-\u00a0o los temibles esp\u00edritus del mundo cl\u00e1sico,\u00a0los\u00a0l\u00e9mures\u00a0romanos. Pero tambi\u00e9n encontrar\u00e1s presencias amables, como Walter, el fantasma del Conservatorio de Avil\u00e9s. Y podr\u00e1s leer La leyenda de La Casona de Arnao y la historia de la sangrienta Mari Cuchiellas Tendr\u00e1s la oportunidad de acercarte\u00a0a\u00a0la\u00a0cocina\u00a0de\u00a0las\u00a0brujas\u00a0de Macbeth\u00a0para\u00a0consultar\u00a0su Recipe book y podr\u00e1s [&hellip;]<\/p>\n","protected":false},"author":764,"featured_media":0,"comment_status":"open","ping_status":"open","sticky":false,"template":"","format":"standard","meta":{"footnotes":""},"categories":[7],"tags":[20,18,22,19,17,23,21],"class_list":["post-119","post","type-post","status-publish","format-standard","hentry","category-noticias","tag-espectros-y-fantasmas","tag-halloween","tag-ies-isla-de-la-deva","tag-lemuria","tag-semana-del-terror","tag-terror","tag-zombis","post-preview"],"_links":{"self":[{"href":"https:\/\/edublog.educastur.es\/bibliodeva\/wp-json\/wp\/v2\/posts\/119","targetHints":{"allow":["GET"]}}],"collection":[{"href":"https:\/\/edublog.educastur.es\/bibliodeva\/wp-json\/wp\/v2\/posts"}],"about":[{"href":"https:\/\/edublog.educastur.es\/bibliodeva\/wp-json\/wp\/v2\/types\/post"}],"author":[{"embeddable":true,"href":"https:\/\/edublog.educastur.es\/bibliodeva\/wp-json\/wp\/v2\/users\/764"}],"replies":[{"embeddable":true,"href":"https:\/\/edublog.educastur.es\/bibliodeva\/wp-json\/wp\/v2\/comments?post=119"}],"version-history":[{"count":10,"href":"https:\/\/edublog.educastur.es\/bibliodeva\/wp-json\/wp\/v2\/posts\/119\/revisions"}],"predecessor-version":[{"id":131,"href":"https:\/\/edublog.educastur.es\/bibliodeva\/wp-json\/wp\/v2\/posts\/119\/revisions\/131"}],"wp:attachment":[{"href":"https:\/\/edublog.educastur.es\/bibliodeva\/wp-json\/wp\/v2\/media?parent=119"}],"wp:term":[{"taxonomy":"category","embeddable":true,"href":"https:\/\/edublog.educastur.es\/bibliodeva\/wp-json\/wp\/v2\/categories?post=119"},{"taxonomy":"post_tag","embeddable":true,"href":"https:\/\/edublog.educastur.es\/bibliodeva\/wp-json\/wp\/v2\/tags?post=119"}],"curies":[{"name":"wp","href":"https:\/\/api.w.org\/{rel}","templated":true}]}}