{"id":146,"date":"2023-02-22T12:05:25","date_gmt":"2023-02-22T12:05:25","guid":{"rendered":"https:\/\/edublog.educastur.es\/bibliodeva\/?p=146"},"modified":"2023-02-22T12:05:25","modified_gmt":"2023-02-22T12:05:25","slug":"i-concurso-instantanea-dia-del-libro-adivina-que-lei","status":"publish","type":"post","link":"https:\/\/edublog.educastur.es\/bibliodeva\/2023\/02\/22\/i-concurso-instantanea-dia-del-libro-adivina-que-lei\/","title":{"rendered":"I Concurso instant\u00e1nea D\u00eda del Libro \u00abAdivina qu\u00e9 le\u00ed\u00bb"},"content":{"rendered":"<p>\u00a1Buenos d\u00edas!<\/p>\n<p>Tras estos d\u00edas no lectivos os traemos una nueva propuesta. Para celebrar el D\u00eda del Libro os animamos a participar en el<strong> I concurso instant\u00e1nea D\u00eda del Libro <em>\u00abAdivina qu\u00e9 le\u00ed\u00bb.\u00a0<\/em><\/strong><\/p>\n<p>Se trata de transmitir mediante un collage de im\u00e1genes, una \u00ab<em>instant\u00e1nea<\/em>\u00ab, la tem\u00e1tica o el t\u00edtulo del libro para que los dem\u00e1s lo adivinemos.<\/p>\n<p>Os dejamos un par de carteles con las instrucciones que deb\u00e9is seguir. Pod\u00e9is realizar vuestra composici\u00f3n de im\u00e1genes con objetos cotidianos o con otras im\u00e1genes, de forma que sugieran la historia narrada en el libro o su t\u00edtulo.<\/p>\n<a href=\"https:\/\/edublog.educastur.es\/bibliodeva\/files\/2023\/02\/Adivina-que-lei.pdf\" class=\"pdfemb-viewer\" style=\"\" data-width=\"max\" data-height=\"max\" data-toolbar=\"bottom\" data-toolbar-fixed=\"off\">\u201cAdivina qu\u00e9 le\u00ed\u201d<\/a>\n<a href=\"https:\/\/edublog.educastur.es\/bibliodeva\/files\/2023\/02\/Bases-para-concurso-instantanea-dia-del-Libro-Adivina-2.pdf\" class=\"pdfemb-viewer\" style=\"\" data-width=\"max\" data-height=\"max\" data-toolbar=\"bottom\" data-toolbar-fixed=\"off\">Bases para concurso instant\u00e1nea d\u00eda del Libro \u201cAdivina (2)<\/a>\n<p>Animaos a participar a ver si somos capaces de adivinar qu\u00e9 libro hab\u00e9is le\u00eddo. \u00a1Hay premios!<\/p>\n<p style=\"text-align: center\">\n","protected":false},"excerpt":{"rendered":"<p>\u00a1Buenos d\u00edas! Tras estos d\u00edas no lectivos os traemos una nueva propuesta. Para celebrar el D\u00eda del Libro os animamos a participar en el I concurso instant\u00e1nea D\u00eda del Libro \u00abAdivina qu\u00e9 le\u00ed\u00bb.\u00a0 Se trata de transmitir mediante un collage de im\u00e1genes, una \u00abinstant\u00e1nea\u00ab, la tem\u00e1tica o el t\u00edtulo del libro para que los dem\u00e1s [&hellip;]<\/p>\n","protected":false},"author":764,"featured_media":0,"comment_status":"open","ping_status":"open","sticky":false,"template":"","format":"standard","meta":{"footnotes":""},"categories":[7],"tags":[10,13,14],"class_list":["post-146","post","type-post","status-publish","format-standard","hentry","category-noticias","tag-animacion-a-la-lectura","tag-concursos","tag-dia-del-libro","post-preview"],"_links":{"self":[{"href":"https:\/\/edublog.educastur.es\/bibliodeva\/wp-json\/wp\/v2\/posts\/146","targetHints":{"allow":["GET"]}}],"collection":[{"href":"https:\/\/edublog.educastur.es\/bibliodeva\/wp-json\/wp\/v2\/posts"}],"about":[{"href":"https:\/\/edublog.educastur.es\/bibliodeva\/wp-json\/wp\/v2\/types\/post"}],"author":[{"embeddable":true,"href":"https:\/\/edublog.educastur.es\/bibliodeva\/wp-json\/wp\/v2\/users\/764"}],"replies":[{"embeddable":true,"href":"https:\/\/edublog.educastur.es\/bibliodeva\/wp-json\/wp\/v2\/comments?post=146"}],"version-history":[{"count":4,"href":"https:\/\/edublog.educastur.es\/bibliodeva\/wp-json\/wp\/v2\/posts\/146\/revisions"}],"predecessor-version":[{"id":156,"href":"https:\/\/edublog.educastur.es\/bibliodeva\/wp-json\/wp\/v2\/posts\/146\/revisions\/156"}],"wp:attachment":[{"href":"https:\/\/edublog.educastur.es\/bibliodeva\/wp-json\/wp\/v2\/media?parent=146"}],"wp:term":[{"taxonomy":"category","embeddable":true,"href":"https:\/\/edublog.educastur.es\/bibliodeva\/wp-json\/wp\/v2\/categories?post=146"},{"taxonomy":"post_tag","embeddable":true,"href":"https:\/\/edublog.educastur.es\/bibliodeva\/wp-json\/wp\/v2\/tags?post=146"}],"curies":[{"name":"wp","href":"https:\/\/api.w.org\/{rel}","templated":true}]}}