{"id":158,"date":"2023-03-01T10:38:13","date_gmt":"2023-03-01T10:38:13","guid":{"rendered":"https:\/\/edublog.educastur.es\/bibliodeva\/?p=158"},"modified":"2023-03-02T09:18:43","modified_gmt":"2023-03-02T09:18:43","slug":"mujeres-protagonistas","status":"publish","type":"post","link":"https:\/\/edublog.educastur.es\/bibliodeva\/2023\/03\/01\/mujeres-protagonistas\/","title":{"rendered":"Mujeres protagonistas"},"content":{"rendered":"<p>\u00a1Buenos d\u00edas!<\/p>\n<p>Con motivo de la conmemoraci\u00f3n del D\u00eda Internacional de la Mujer el pr\u00f3ximo 8 de marzo, el equipo de BiblioDeva os propone una serie de lecturas relacionadas en las que las mujeres son protagonistas.<\/p>\n<p>Ten\u00e9is la selecci\u00f3n expuesta en la biblioteca. Esperamos que disfrut\u00e9is de nuestras recomendaciones.<\/p>\n<p>\u00a1Feliz lectura!<\/p>\n<p><img loading=\"lazy\" decoding=\"async\" class=\"alignnone size-medium wp-image-161 aligncenter\" src=\"http:\/\/edublog.educastur.es\/bibliodeva\/files\/2023\/03\/8-marzo-300x300.png\" alt=\"\" width=\"300\" height=\"300\" srcset=\"https:\/\/edublog.educastur.es\/bibliodeva\/files\/2023\/03\/8-marzo-300x300.png 300w, https:\/\/edublog.educastur.es\/bibliodeva\/files\/2023\/03\/8-marzo-150x150.png 150w, https:\/\/edublog.educastur.es\/bibliodeva\/files\/2023\/03\/8-marzo.png 567w\" sizes=\"auto, (max-width: 300px) 100vw, 300px\" \/><\/p>\n","protected":false},"excerpt":{"rendered":"<p>\u00a1Buenos d\u00edas! Con motivo de la conmemoraci\u00f3n del D\u00eda Internacional de la Mujer el pr\u00f3ximo 8 de marzo, el equipo de BiblioDeva os propone una serie de lecturas relacionadas en las que las mujeres son protagonistas. Ten\u00e9is la selecci\u00f3n expuesta en la biblioteca. Esperamos que disfrut\u00e9is de nuestras recomendaciones. \u00a1Feliz lectura!<\/p>\n","protected":false},"author":764,"featured_media":0,"comment_status":"open","ping_status":"open","sticky":false,"template":"","format":"standard","meta":{"footnotes":""},"categories":[7],"tags":[10,31,30,27],"class_list":["post-158","post","type-post","status-publish","format-standard","hentry","category-noticias","tag-animacion-a-la-lectura","tag-mujer-y-literatura","tag-mujeres","tag-recomendaciones","post-preview"],"_links":{"self":[{"href":"https:\/\/edublog.educastur.es\/bibliodeva\/wp-json\/wp\/v2\/posts\/158","targetHints":{"allow":["GET"]}}],"collection":[{"href":"https:\/\/edublog.educastur.es\/bibliodeva\/wp-json\/wp\/v2\/posts"}],"about":[{"href":"https:\/\/edublog.educastur.es\/bibliodeva\/wp-json\/wp\/v2\/types\/post"}],"author":[{"embeddable":true,"href":"https:\/\/edublog.educastur.es\/bibliodeva\/wp-json\/wp\/v2\/users\/764"}],"replies":[{"embeddable":true,"href":"https:\/\/edublog.educastur.es\/bibliodeva\/wp-json\/wp\/v2\/comments?post=158"}],"version-history":[{"count":4,"href":"https:\/\/edublog.educastur.es\/bibliodeva\/wp-json\/wp\/v2\/posts\/158\/revisions"}],"predecessor-version":[{"id":163,"href":"https:\/\/edublog.educastur.es\/bibliodeva\/wp-json\/wp\/v2\/posts\/158\/revisions\/163"}],"wp:attachment":[{"href":"https:\/\/edublog.educastur.es\/bibliodeva\/wp-json\/wp\/v2\/media?parent=158"}],"wp:term":[{"taxonomy":"category","embeddable":true,"href":"https:\/\/edublog.educastur.es\/bibliodeva\/wp-json\/wp\/v2\/categories?post=158"},{"taxonomy":"post_tag","embeddable":true,"href":"https:\/\/edublog.educastur.es\/bibliodeva\/wp-json\/wp\/v2\/tags?post=158"}],"curies":[{"name":"wp","href":"https:\/\/api.w.org\/{rel}","templated":true}]}}