{"id":64,"date":"2022-02-22T10:51:23","date_gmt":"2022-02-22T10:51:23","guid":{"rendered":"https:\/\/edublog.educastur.es\/bibliodeva\/?p=64"},"modified":"2022-02-22T10:51:45","modified_gmt":"2022-02-22T10:51:45","slug":"i-certamen-de-relatos-dia-del-libro","status":"publish","type":"post","link":"https:\/\/edublog.educastur.es\/bibliodeva\/2022\/02\/22\/i-certamen-de-relatos-dia-del-libro\/","title":{"rendered":"I Certamen de relatos d\u00eda del Libro"},"content":{"rendered":"<p>La biblioteca del IES Isla de la Deva convoca el<\/p>\n<p><strong>I CERTAMEN DE RELATOS D\u00cdA DEL LIBRO IES ISLA DE LA DEVA\u00a0<\/strong><\/p>\n<p>El tema ser\u00e1 <strong>M\u00c1SCARAS LITERARIAS<\/strong><\/p>\n<p>Te dejamos aqu\u00ed las <strong>bases<\/strong> de la convocatoria:<\/p>\n<p><strong>PAUTAS<\/strong><\/p>\n<p>Escribe un texto narrativo de un <strong>m\u00e1ximo de 300 palabras<\/strong>. Puedes utilizar el ordenador o a mano y debes entregarlo en la biblioteca durante el recreo. <strong>Firma<\/strong> tu relato con tu nombre, apellidos y curso.<\/p>\n<p>Ten en cuenta las siguientes indicaciones:<\/p>\n<ol>\n<li>F\u00edjate, insp\u00edrate en la <strong>m\u00e1scara de Carnaval<\/strong> que hayas hecho o que m\u00e1s te guste.<\/li>\n<li>Convierte en protagonista al <strong>animal<\/strong> que represente.<\/li>\n<li>\u00bfQu\u00e9 hechos va a protagonizar?<\/li>\n<li>Piensa en el lugar o entorno donde vas a situar la acci\u00f3n.<\/li>\n<li>Elige la \u00e9poca\u00a0 en que quieres situar los hechos: pasada, presente o futura.<\/li>\n<li>Selecciona una estructura para tu relato: presentaci\u00f3n-nudo-desenlace; flashback\u2026<\/li>\n<li>Finalmente, escribe un t\u00edtulo sugerente.<\/li>\n<li>Puedes utilizar el molde de la f\u00e1bula, ya sabes que debes acabar con una moraleja; puedes optar por un cuento tradicional, o un microrrelato.<\/li>\n<li>Recuerda lo importante que es el <strong>di\u00e1logo<\/strong> y la <strong>descripci\u00f3n<\/strong> en la narraci\u00f3n.<\/li>\n<\/ol>\n<p><strong>CATEGOR\u00cdAS<\/strong><\/p>\n<ul>\n<li>1\u00ba Y 2\u00ba ESO<\/li>\n<li>3\u00ba Y 4\u00ba ESO<\/li>\n<li>BACHILLERATO Y CICLOS FORMATIVOS<\/li>\n<li>PROFESORADO Y PERSONAL NO DOCENTE<\/li>\n<\/ul>\n<p><strong>PREMIOS<\/strong><\/p>\n<p>Se entregar\u00e1 un diploma y un libro al autor\/a del relato seleccionado de cada categor\u00eda.<\/p>\n<p>Los relatos participantes podr\u00e1n ser <strong>publicados<\/strong> en el<strong> blog de la biblioteca<\/strong> y en\u00a0 la<strong> p\u00e1gina web del centro<\/strong>.<\/p>\n<p><strong>PLAZO DE PRESENTACI\u00d3N<\/strong><\/p>\n<p>El plazo de entrega finaliza el <strong>19 de abril.<\/strong><\/p>\n","protected":false},"excerpt":{"rendered":"<p>La biblioteca del IES Isla de la Deva convoca el I CERTAMEN DE RELATOS D\u00cdA DEL LIBRO IES ISLA DE LA DEVA\u00a0 El tema ser\u00e1 M\u00c1SCARAS LITERARIAS Te dejamos aqu\u00ed las bases de la convocatoria: PAUTAS Escribe un texto narrativo de un m\u00e1ximo de 300 palabras. Puedes utilizar el ordenador o a mano y debes [&hellip;]<\/p>\n","protected":false},"author":764,"featured_media":0,"comment_status":"open","ping_status":"open","sticky":false,"template":"","format":"standard","meta":{"footnotes":""},"categories":[7],"tags":[15,13,14],"class_list":["post-64","post","type-post","status-publish","format-standard","hentry","category-noticias","tag-carnaval","tag-concursos","tag-dia-del-libro","post-preview"],"_links":{"self":[{"href":"https:\/\/edublog.educastur.es\/bibliodeva\/wp-json\/wp\/v2\/posts\/64","targetHints":{"allow":["GET"]}}],"collection":[{"href":"https:\/\/edublog.educastur.es\/bibliodeva\/wp-json\/wp\/v2\/posts"}],"about":[{"href":"https:\/\/edublog.educastur.es\/bibliodeva\/wp-json\/wp\/v2\/types\/post"}],"author":[{"embeddable":true,"href":"https:\/\/edublog.educastur.es\/bibliodeva\/wp-json\/wp\/v2\/users\/764"}],"replies":[{"embeddable":true,"href":"https:\/\/edublog.educastur.es\/bibliodeva\/wp-json\/wp\/v2\/comments?post=64"}],"version-history":[{"count":3,"href":"https:\/\/edublog.educastur.es\/bibliodeva\/wp-json\/wp\/v2\/posts\/64\/revisions"}],"predecessor-version":[{"id":67,"href":"https:\/\/edublog.educastur.es\/bibliodeva\/wp-json\/wp\/v2\/posts\/64\/revisions\/67"}],"wp:attachment":[{"href":"https:\/\/edublog.educastur.es\/bibliodeva\/wp-json\/wp\/v2\/media?parent=64"}],"wp:term":[{"taxonomy":"category","embeddable":true,"href":"https:\/\/edublog.educastur.es\/bibliodeva\/wp-json\/wp\/v2\/categories?post=64"},{"taxonomy":"post_tag","embeddable":true,"href":"https:\/\/edublog.educastur.es\/bibliodeva\/wp-json\/wp\/v2\/tags?post=64"}],"curies":[{"name":"wp","href":"https:\/\/api.w.org\/{rel}","templated":true}]}}