{"id":72,"date":"2022-04-05T11:54:16","date_gmt":"2022-04-05T11:54:16","guid":{"rendered":"https:\/\/edublog.educastur.es\/bibliodeva\/?p=72"},"modified":"2022-04-05T11:54:16","modified_gmt":"2022-04-05T11:54:16","slug":"otro-libro-del-mes-de-abril","status":"publish","type":"post","link":"https:\/\/edublog.educastur.es\/bibliodeva\/2022\/04\/05\/otro-libro-del-mes-de-abril\/","title":{"rendered":"Otro \u00abLibro del mes\u00bb de abril"},"content":{"rendered":"<p>Como estamos en el mes en que celebramos especialmente la literatura (2 de abril, D\u00eda del libro infantil y juvenil y 23 de abril, D\u00eda internacional del libro), vamos a compartir con vosotros una nueva v\u00eddeo rese\u00f1a. \u00a1Que no se diga que no hay recomendaciones para leer en vacaciones!<\/p>\n<p>En esta ocasi\u00f3n os dejamos la recomendaci\u00f3n de <a href=\"https:\/\/web.microsoftstream.com\/video\/89ce2b07-1442-4d9d-8e32-ce379f3086d3\"><em>Diario del b\u00fanker<\/em><\/a>, realizada por \u00c1lvaro Fern\u00e1ndez Fern\u00e1ndez.<\/p>\n<p>\u00a1Tiene muy buena pinta, no os lo perd\u00e1is!<\/p>\n<p>Recordad que, al estar el v\u00eddeo alojado en Stream, es necesario tener iniciada la sesi\u00f3n en la cuenta Educastur 365 para verlo.<\/p>\n<p>\u00a1Feliz lectura vacacional!<\/p>\n","protected":false},"excerpt":{"rendered":"<p>Como estamos en el mes en que celebramos especialmente la literatura (2 de abril, D\u00eda del libro infantil y juvenil y 23 de abril, D\u00eda internacional del libro), vamos a compartir con vosotros una nueva v\u00eddeo rese\u00f1a. \u00a1Que no se diga que no hay recomendaciones para leer en vacaciones! En esta ocasi\u00f3n os dejamos la [&hellip;]<\/p>\n","protected":false},"author":764,"featured_media":0,"comment_status":"open","ping_status":"open","sticky":false,"template":"","format":"standard","meta":{"footnotes":""},"categories":[6],"tags":[11,10,12],"class_list":["post-72","post","type-post","status-publish","format-standard","hentry","category-qleer","tag-alumnos-protagonistas","tag-animacion-a-la-lectura","tag-libro-del-mes","post-preview"],"_links":{"self":[{"href":"https:\/\/edublog.educastur.es\/bibliodeva\/wp-json\/wp\/v2\/posts\/72","targetHints":{"allow":["GET"]}}],"collection":[{"href":"https:\/\/edublog.educastur.es\/bibliodeva\/wp-json\/wp\/v2\/posts"}],"about":[{"href":"https:\/\/edublog.educastur.es\/bibliodeva\/wp-json\/wp\/v2\/types\/post"}],"author":[{"embeddable":true,"href":"https:\/\/edublog.educastur.es\/bibliodeva\/wp-json\/wp\/v2\/users\/764"}],"replies":[{"embeddable":true,"href":"https:\/\/edublog.educastur.es\/bibliodeva\/wp-json\/wp\/v2\/comments?post=72"}],"version-history":[{"count":3,"href":"https:\/\/edublog.educastur.es\/bibliodeva\/wp-json\/wp\/v2\/posts\/72\/revisions"}],"predecessor-version":[{"id":75,"href":"https:\/\/edublog.educastur.es\/bibliodeva\/wp-json\/wp\/v2\/posts\/72\/revisions\/75"}],"wp:attachment":[{"href":"https:\/\/edublog.educastur.es\/bibliodeva\/wp-json\/wp\/v2\/media?parent=72"}],"wp:term":[{"taxonomy":"category","embeddable":true,"href":"https:\/\/edublog.educastur.es\/bibliodeva\/wp-json\/wp\/v2\/categories?post=72"},{"taxonomy":"post_tag","embeddable":true,"href":"https:\/\/edublog.educastur.es\/bibliodeva\/wp-json\/wp\/v2\/tags?post=72"}],"curies":[{"name":"wp","href":"https:\/\/api.w.org\/{rel}","templated":true}]}}