{"id":77,"date":"2022-04-20T08:51:35","date_gmt":"2022-04-20T08:51:35","guid":{"rendered":"https:\/\/edublog.educastur.es\/bibliodeva\/?p=77"},"modified":"2022-04-20T08:52:46","modified_gmt":"2022-04-20T08:52:46","slug":"nuestros-lectores-recomiendan","status":"publish","type":"post","link":"https:\/\/edublog.educastur.es\/bibliodeva\/2022\/04\/20\/nuestros-lectores-recomiendan\/","title":{"rendered":"Nuestros lectores recomiendan"},"content":{"rendered":"<p>\u00a1Buenos d\u00edas! Ahora que volvemos descansados de las vacaciones de Semana Santa, y con el D\u00eda del Libro a la vuelta de la esquina, os dejamos tres nuevas recomendaciones de nuestros lectores.<\/p>\n<p>Diego Garc\u00eda Fern\u00e1ndez nos habla de\u00a0<a href=\"https:\/\/web.microsoftstream.com\/video\/e4b183e4-018c-4d03-b762-fe1861f8bccf\"><em>El valle de los lobos.<\/em><\/a><\/p>\n<p>Fabi\u00e1n Fern\u00e1ndez Gonz\u00e1lez nos recomienda<a href=\"https:\/\/web.microsoftstream.com\/video\/2c36789c-8c8c-4612-aa2b-f12ee5ea416c\">\u00a0<em>El primer descubrimiento de Am\u00e9rica.<\/em><\/a><\/p>\n<p>Finalmente, Paula Guti\u00e9rrez Vales nos da su opini\u00f3n acerca de <a href=\"https:\/\/web.microsoftstream.com\/video\/b0c9c380-7039-4e66-b71f-b529087c0825\"><em>El diario de Anne Frank.<\/em><\/a><\/p>\n<p>\u00a1No os quejar\u00e9is por falta de recomendaciones! Ahora \u00a1a leer! Ya sab\u00e9is lo que dec\u00eda Emily Dickinson,\u00a0<em>\u00abpara viajar lejos, no hay mejor nave que un libro\u00bb.<\/em><\/p>\n<p>Recordad que para poder visualizar los v\u00eddeos deb\u00e9is iniciar sesi\u00f3n en Educastur365.<\/p>\n<p>\u00a1Feliz lectura!<\/p>\n","protected":false},"excerpt":{"rendered":"<p>\u00a1Buenos d\u00edas! Ahora que volvemos descansados de las vacaciones de Semana Santa, y con el D\u00eda del Libro a la vuelta de la esquina, os dejamos tres nuevas recomendaciones de nuestros lectores. Diego Garc\u00eda Fern\u00e1ndez nos habla de\u00a0El valle de los lobos. Fabi\u00e1n Fern\u00e1ndez Gonz\u00e1lez nos recomienda\u00a0El primer descubrimiento de Am\u00e9rica. Finalmente, Paula Guti\u00e9rrez Vales [&hellip;]<\/p>\n","protected":false},"author":764,"featured_media":0,"comment_status":"open","ping_status":"open","sticky":false,"template":"","format":"standard","meta":{"footnotes":""},"categories":[6],"tags":[11,10,12],"class_list":["post-77","post","type-post","status-publish","format-standard","hentry","category-qleer","tag-alumnos-protagonistas","tag-animacion-a-la-lectura","tag-libro-del-mes","post-preview"],"_links":{"self":[{"href":"https:\/\/edublog.educastur.es\/bibliodeva\/wp-json\/wp\/v2\/posts\/77","targetHints":{"allow":["GET"]}}],"collection":[{"href":"https:\/\/edublog.educastur.es\/bibliodeva\/wp-json\/wp\/v2\/posts"}],"about":[{"href":"https:\/\/edublog.educastur.es\/bibliodeva\/wp-json\/wp\/v2\/types\/post"}],"author":[{"embeddable":true,"href":"https:\/\/edublog.educastur.es\/bibliodeva\/wp-json\/wp\/v2\/users\/764"}],"replies":[{"embeddable":true,"href":"https:\/\/edublog.educastur.es\/bibliodeva\/wp-json\/wp\/v2\/comments?post=77"}],"version-history":[{"count":5,"href":"https:\/\/edublog.educastur.es\/bibliodeva\/wp-json\/wp\/v2\/posts\/77\/revisions"}],"predecessor-version":[{"id":82,"href":"https:\/\/edublog.educastur.es\/bibliodeva\/wp-json\/wp\/v2\/posts\/77\/revisions\/82"}],"wp:attachment":[{"href":"https:\/\/edublog.educastur.es\/bibliodeva\/wp-json\/wp\/v2\/media?parent=77"}],"wp:term":[{"taxonomy":"category","embeddable":true,"href":"https:\/\/edublog.educastur.es\/bibliodeva\/wp-json\/wp\/v2\/categories?post=77"},{"taxonomy":"post_tag","embeddable":true,"href":"https:\/\/edublog.educastur.es\/bibliodeva\/wp-json\/wp\/v2\/tags?post=77"}],"curies":[{"name":"wp","href":"https:\/\/api.w.org\/{rel}","templated":true}]}}