{"id":84,"date":"2022-05-04T20:07:45","date_gmt":"2022-05-04T20:07:45","guid":{"rendered":"https:\/\/edublog.educastur.es\/bibliodeva\/?p=84"},"modified":"2022-05-04T20:14:02","modified_gmt":"2022-05-04T20:14:02","slug":"premiados-en-el-i-certamen-de-relatos-ies-isla-de-la-deva","status":"publish","type":"post","link":"https:\/\/edublog.educastur.es\/bibliodeva\/2022\/05\/04\/premiados-en-el-i-certamen-de-relatos-ies-isla-de-la-deva\/","title":{"rendered":"Premiados en el I certamen de relatos IES Isla de la Deva"},"content":{"rendered":"<p>Ante todo, queremos agradecer la participaci\u00f3n de todo el alumnado, especialmente de 3\u00ba y 4\u00ba de la ESO, que nos puso bastante dif\u00edcil la elecci\u00f3n del relato ganador.<\/p>\n<p>Como ya habr\u00e9is visto, los relatos finalistas y los ganadores est\u00e1n expuestos en el panel junto a conserjer\u00eda y en los pr\u00f3ximos d\u00edas los publicaremos en el blog para el disfrute de todos.<\/p>\n<p>Ahora, sin m\u00e1s dilaci\u00f3n, os presentamos a los premiados en cada categor\u00eda:<\/p>\n<p>En la categor\u00eda de 1\u00ba y 2\u00ba de la ESO tenemos una finalista y una ganadora,<strong> Carolina Garc\u00eda Mari\u00f1o<\/strong> y\u00a0 <strong>Llara Bra Mateos<\/strong>, respectivamente.<\/p>\n<p>En la categor\u00eda de 3\u00ba y 4\u00ba ESO ha resultado ganador el relato de <strong>Luis Garc\u00eda Carbajal.<\/strong><\/p>\n<p>En la categor\u00eda de Bachillerato ha ganado el relato de <strong>Mara \u00c1lvarez Arg\u00fcelles.<\/strong><\/p>\n<p>Y, finalmente, en la categor\u00eda de profesorado el premio ha reca\u00eddo en el relato presentado por la profesora<strong> Mari\u00e1n Su\u00e1rez Fern\u00e1ndez<\/strong>, del departamento de Cultura Cl\u00e1sica.<\/p>\n<p>\u00a1\u00a1Enhorabuena a los premiados!!<\/p>\n<p>Y muchas gracias a todos los participantes, pues hay relatos muy entretenidos. Os animamos a participar el a\u00f1o pr\u00f3ximo.<\/p>\n<p>Aqu\u00ed os dejamos unas fotos de los premiados con sus diplomas acreditativos:<\/p>\n<p><img loading=\"lazy\" decoding=\"async\" class=\"alignnone size-medium wp-image-88\" src=\"http:\/\/edublog.educastur.es\/bibliodeva\/files\/2022\/05\/Alumnos-premiados-Ferrota-300x225.jpeg\" alt=\"\" width=\"300\" height=\"225\" srcset=\"https:\/\/edublog.educastur.es\/bibliodeva\/files\/2022\/05\/Alumnos-premiados-Ferrota-300x225.jpeg 300w, https:\/\/edublog.educastur.es\/bibliodeva\/files\/2022\/05\/Alumnos-premiados-Ferrota-1024x768.jpeg 1024w, https:\/\/edublog.educastur.es\/bibliodeva\/files\/2022\/05\/Alumnos-premiados-Ferrota-768x576.jpeg 768w, https:\/\/edublog.educastur.es\/bibliodeva\/files\/2022\/05\/Alumnos-premiados-Ferrota-1536x1152.jpeg 1536w, https:\/\/edublog.educastur.es\/bibliodeva\/files\/2022\/05\/Alumnos-premiados-Ferrota-676x507.jpeg 676w, https:\/\/edublog.educastur.es\/bibliodeva\/files\/2022\/05\/Alumnos-premiados-Ferrota.jpeg 2000w\" sizes=\"auto, (max-width: 300px) 100vw, 300px\" \/> <img loading=\"lazy\" decoding=\"async\" class=\"alignnone size-medium wp-image-89\" src=\"http:\/\/edublog.educastur.es\/bibliodeva\/files\/2022\/05\/Ganadora-y-finalista-El-Villar-300x225.jpeg\" alt=\"\" width=\"300\" height=\"225\" srcset=\"https:\/\/edublog.educastur.es\/bibliodeva\/files\/2022\/05\/Ganadora-y-finalista-El-Villar-300x225.jpeg 300w, https:\/\/edublog.educastur.es\/bibliodeva\/files\/2022\/05\/Ganadora-y-finalista-El-Villar-1024x769.jpeg 1024w, https:\/\/edublog.educastur.es\/bibliodeva\/files\/2022\/05\/Ganadora-y-finalista-El-Villar-768x576.jpeg 768w, https:\/\/edublog.educastur.es\/bibliodeva\/files\/2022\/05\/Ganadora-y-finalista-El-Villar-1536x1153.jpeg 1536w, https:\/\/edublog.educastur.es\/bibliodeva\/files\/2022\/05\/Ganadora-y-finalista-El-Villar-676x507.jpeg 676w, https:\/\/edublog.educastur.es\/bibliodeva\/files\/2022\/05\/Ganadora-y-finalista-El-Villar.jpeg 1600w\" sizes=\"auto, (max-width: 300px) 100vw, 300px\" \/> <img loading=\"lazy\" decoding=\"async\" class=\"alignnone size-medium wp-image-92\" src=\"http:\/\/edublog.educastur.es\/bibliodeva\/files\/2022\/05\/Premiados-Ferrota-en-biblioteca-300x225.jpeg\" alt=\"\" width=\"300\" height=\"225\" srcset=\"https:\/\/edublog.educastur.es\/bibliodeva\/files\/2022\/05\/Premiados-Ferrota-en-biblioteca-300x225.jpeg 300w, https:\/\/edublog.educastur.es\/bibliodeva\/files\/2022\/05\/Premiados-Ferrota-en-biblioteca-1024x768.jpeg 1024w, https:\/\/edublog.educastur.es\/bibliodeva\/files\/2022\/05\/Premiados-Ferrota-en-biblioteca-768x576.jpeg 768w, https:\/\/edublog.educastur.es\/bibliodeva\/files\/2022\/05\/Premiados-Ferrota-en-biblioteca-1536x1152.jpeg 1536w, https:\/\/edublog.educastur.es\/bibliodeva\/files\/2022\/05\/Premiados-Ferrota-en-biblioteca-676x507.jpeg 676w, https:\/\/edublog.educastur.es\/bibliodeva\/files\/2022\/05\/Premiados-Ferrota-en-biblioteca.jpeg 2000w\" sizes=\"auto, (max-width: 300px) 100vw, 300px\" \/><\/p>\n<p>&nbsp;<\/p>\n","protected":false},"excerpt":{"rendered":"<p>Ante todo, queremos agradecer la participaci\u00f3n de todo el alumnado, especialmente de 3\u00ba y 4\u00ba de la ESO, que nos puso bastante dif\u00edcil la elecci\u00f3n del relato ganador. Como ya habr\u00e9is visto, los relatos finalistas y los ganadores est\u00e1n expuestos en el panel junto a conserjer\u00eda y en los pr\u00f3ximos d\u00edas los publicaremos en el [&hellip;]<\/p>\n","protected":false},"author":764,"featured_media":0,"comment_status":"open","ping_status":"open","sticky":false,"template":"","format":"standard","meta":{"footnotes":""},"categories":[7],"tags":[11,13,14],"class_list":["post-84","post","type-post","status-publish","format-standard","hentry","category-noticias","tag-alumnos-protagonistas","tag-concursos","tag-dia-del-libro","post-preview"],"_links":{"self":[{"href":"https:\/\/edublog.educastur.es\/bibliodeva\/wp-json\/wp\/v2\/posts\/84","targetHints":{"allow":["GET"]}}],"collection":[{"href":"https:\/\/edublog.educastur.es\/bibliodeva\/wp-json\/wp\/v2\/posts"}],"about":[{"href":"https:\/\/edublog.educastur.es\/bibliodeva\/wp-json\/wp\/v2\/types\/post"}],"author":[{"embeddable":true,"href":"https:\/\/edublog.educastur.es\/bibliodeva\/wp-json\/wp\/v2\/users\/764"}],"replies":[{"embeddable":true,"href":"https:\/\/edublog.educastur.es\/bibliodeva\/wp-json\/wp\/v2\/comments?post=84"}],"version-history":[{"count":4,"href":"https:\/\/edublog.educastur.es\/bibliodeva\/wp-json\/wp\/v2\/posts\/84\/revisions"}],"predecessor-version":[{"id":96,"href":"https:\/\/edublog.educastur.es\/bibliodeva\/wp-json\/wp\/v2\/posts\/84\/revisions\/96"}],"wp:attachment":[{"href":"https:\/\/edublog.educastur.es\/bibliodeva\/wp-json\/wp\/v2\/media?parent=84"}],"wp:term":[{"taxonomy":"category","embeddable":true,"href":"https:\/\/edublog.educastur.es\/bibliodeva\/wp-json\/wp\/v2\/categories?post=84"},{"taxonomy":"post_tag","embeddable":true,"href":"https:\/\/edublog.educastur.es\/bibliodeva\/wp-json\/wp\/v2\/tags?post=84"}],"curies":[{"name":"wp","href":"https:\/\/api.w.org\/{rel}","templated":true}]}}