{"id":1929,"date":"2012-06-27T00:03:41","date_gmt":"2012-06-26T22:03:41","guid":{"rendered":"http:\/\/biblioluces.wordpress.com\/?p=1929"},"modified":"2012-06-27T00:03:41","modified_gmt":"2012-06-26T22:03:41","slug":"en-el-corazon-de-las-tinieblas","status":"publish","type":"post","link":"https:\/\/edublog.educastur.es\/biblioluces\/2012\/06\/27\/en-el-corazon-de-las-tinieblas\/","title":{"rendered":"en el coraz\u00f3n de las tinieblas"},"content":{"rendered":"<p align=\"center\"><a href=\"http:\/\/issuu.com\/amadeonipasa\/docs\/corazon_tinieblas\/\" target=\"_blank\" rel=\"noopener noreferrer\">\u00abEn el coraz\u00f3n de las tinieblas\u00bb<\/a><\/p>\n<p align=\"justify\">Conrad naci\u00f3 en una ciudad polaca cuando Polonia formaba parte del Imperio Ruso. Actualmente Berdichev\u00a0es una poblaci\u00f3n ucraniana. Sin embargo, nuestro autor no alcanz\u00f3 notoriedad escribiendo en polaco, ni en ruso, ni en ucraniano, ni tan siquiera en franc\u00e9s, idioma que dominaba a la perfecci\u00f3n, sino en ingl\u00e9s, un ingl\u00e9s que aprendi\u00f3 a los veinte a\u00f1os, al parecer con excelente aprovechamiento, leyendo las obras de Shakespeare. Pero no se dejen llevar por las apariencias: Joseph Conrad fue un viajero incansable y un buscavidas\u00a0precoz: a los diecisiete a\u00f1os se puso el mundo por montera y se enrol\u00f3 como marino en el puerto de Marsella. Sus obras son deudoras de las innumerables experiencias vitales que jalonan su marinera biograf\u00eda. Todos estos ingredientes dan como resultado una obra peculiar, densa y diversa, dif\u00edcil de catalogar, pero enormemente influyente en la literatura posterior. El\u00a0<a href=\"http:\/\/www.javiermarias.es\/VIDASESCRITAS\/conrad.html\" target=\"_blank\" rel=\"noopener noreferrer\">exc\u00e9ntrico Conrad<\/a>, de quien se dice que \u00abhacia el final de su vida se escond\u00eda en los m\u00e1s remotos rincones del jard\u00edn de su casa, en Kent, para garabatear papelajos, y hay constancia de que durante una semana se anexion\u00f3 el cuarto de ba\u00f1o sin dar explicaciones a su familia, que vio muy restringido el uso de esa pieza durante aquellos d\u00edas\u00bb (Javier Mar\u00edas. <em>Vidas Escritas<\/em>, 1992), no puede decirse que contara con el aprecio de los lectores de su tiempo, aunque la cr\u00edtica siempre alab\u00f3 su escritura. Parece ser que, como resultado de ciertos lances amorosos, estuvo implicado en el contrabando de armas a favor de los\u00a0<a href=\"http:\/\/es.wikipedia.org\/wiki\/Carlismo\" target=\"_blank\" rel=\"noopener noreferrer\">carlistas<\/a>, aunque su v\u00ednculo con Espa\u00f1a se limita a una posible y fugaz estancia en Ir\u00fan y a una\u00a0<a href=\"http:\/\/www.lne.es\/nueva-quintana\/2009\/05\/26\/aventura-asturiana-conrad\/760607.html\" target=\"_blank\" rel=\"noopener noreferrer\">recalada en la costa asturiana<\/a>. Seg\u00fan algunos, \u00e9ste es el origen de uno de sus relatos,\u00a0<em>La posada de las dos brujas, <\/em>la experiencia de unos ingleses que amarran su corbeta en la ensenada de una aldea costera, pobre y atrasada, habitada por gentes que Conrad compara con los ind\u00edgenas que recibieron al\u00a0<a href=\"http:\/\/es.wikipedia.org\/wiki\/James_Cook\" target=\"_blank\" rel=\"noopener noreferrer\">capit\u00e1n Cook<\/a>\u00a0a la sombra del Kilauea. Rescatamos un fragmento para solaz de lectores curiosos:<\/p>\n<blockquote>\n<p align=\"justify\">El oficial y el marinero caminaban ahora sobre un h\u00famedo lecho de hojas muertas, que los campesinos amontonaban en las calles de su aldea para que se pudrieran durante el invierno y utilizarlas como abono en el campo. Al volver la cabeza el se\u00f1or Byrne se dio cuenta que toda la poblaci\u00f3n masculina de la aldea les segu\u00eda sin ruido sobre la esponjosa alfombra. Las mujeres miraban desde las puertas de las casas y los ni\u00f1os parec\u00edan haberse escondido todos. Los aldeanos conoc\u00edan el barco porque lo hab\u00edan visto desde lejos, pero ning\u00fan extranjero hab\u00eda desembarcado en ese lugar tal vez en cien a\u00f1os, o m\u00e1s. El tricornio del se\u00f1or Byrne y la espesa barba y la enorme trenza del marinero les llenaban de estupor. Apretaban el paso tras los dos ingleses, mirando de hito en hito como esos ind\u00edgenas que el capit\u00e1n Cook descubri\u00f3 en los mares del Sur.<\/p>\n<\/blockquote>\n<p align=\"center\"><\/p>\n","protected":false},"excerpt":{"rendered":"<p>\u00abEn el coraz\u00f3n de las tinieblas\u00bb Conrad naci\u00f3 en una ciudad polaca cuando Polonia formaba parte del Imperio Ruso. Actualmente Berdichev\u00a0es una poblaci\u00f3n ucraniana. Sin embargo, nuestro autor no alcanz\u00f3 notoriedad escribiendo en polaco, ni en ruso, ni en ucraniano, ni tan siquiera en franc\u00e9s, idioma que dominaba a la perfecci\u00f3n, sino en ingl\u00e9s, un [&hellip;]<\/p>\n","protected":false},"author":55,"featured_media":0,"comment_status":"open","ping_status":"open","sticky":false,"template":"","format":"standard","meta":{"footnotes":""},"categories":[12,3,15,5],"tags":[],"class_list":["post-1929","post","type-post","status-publish","format-standard","hentry","category-biblioteca-virtual","category-el-escritor","category-fondos-de-la-biblioteca","category-recomendaciones","post-preview"],"_links":{"self":[{"href":"https:\/\/edublog.educastur.es\/biblioluces\/wp-json\/wp\/v2\/posts\/1929","targetHints":{"allow":["GET"]}}],"collection":[{"href":"https:\/\/edublog.educastur.es\/biblioluces\/wp-json\/wp\/v2\/posts"}],"about":[{"href":"https:\/\/edublog.educastur.es\/biblioluces\/wp-json\/wp\/v2\/types\/post"}],"author":[{"embeddable":true,"href":"https:\/\/edublog.educastur.es\/biblioluces\/wp-json\/wp\/v2\/users\/55"}],"replies":[{"embeddable":true,"href":"https:\/\/edublog.educastur.es\/biblioluces\/wp-json\/wp\/v2\/comments?post=1929"}],"version-history":[{"count":0,"href":"https:\/\/edublog.educastur.es\/biblioluces\/wp-json\/wp\/v2\/posts\/1929\/revisions"}],"wp:attachment":[{"href":"https:\/\/edublog.educastur.es\/biblioluces\/wp-json\/wp\/v2\/media?parent=1929"}],"wp:term":[{"taxonomy":"category","embeddable":true,"href":"https:\/\/edublog.educastur.es\/biblioluces\/wp-json\/wp\/v2\/categories?post=1929"},{"taxonomy":"post_tag","embeddable":true,"href":"https:\/\/edublog.educastur.es\/biblioluces\/wp-json\/wp\/v2\/tags?post=1929"}],"curies":[{"name":"wp","href":"https:\/\/api.w.org\/{rel}","templated":true}]}}