{"id":5058,"date":"2023-11-13T23:27:15","date_gmt":"2023-11-13T23:27:15","guid":{"rendered":"https:\/\/edublog.educastur.es\/biblioluces\/?p=5058"},"modified":"2023-12-11T11:23:05","modified_gmt":"2023-12-11T11:23:05","slug":"el-dia-de-la-regadera","status":"publish","type":"post","link":"https:\/\/edublog.educastur.es\/biblioluces\/2023\/11\/13\/el-dia-de-la-regadera\/","title":{"rendered":"el D\u00eda de la Regadera"},"content":{"rendered":"<figure class=\"wp-block-image aligncenter size-large is-resized\"><a href=\"https:\/\/biblioluces.files.wordpress.com\/2023\/11\/robespierre.jpg\"><img decoding=\"async\" class=\"wp-image-3970 aligncenter\" style=\"width: 490px;height: auto\" src=\"https:\/\/biblioluces.files.wordpress.com\/2023\/11\/robespierre.jpg?w=808\" alt=\"\" \/><\/a>\r\n<figcaption class=\"wp-element-caption\">Maximilien Robespierre (1758-1794). Retrato an\u00f3nimo.<\/figcaption>\r\n<\/figure>\r\n\r\n<p>&nbsp;<\/p>\r\n<p class=\"has-text-align-justify\" style=\"text-align: justify\">Aquella ma\u00f1ana del 27 de julio de 1794 (9 de termidor, seg\u00fan <a href=\"https:\/\/www.ucm.es\/data\/cont\/docs\/446-2013-08-22-03_francisco%20olmos92.pdf\">el calendario<\/a> del amanecer republicano), Maximilien se levanta temprano tras conciliar un sue\u00f1o reparador. Ordena los papeles y ultima algunos flecos de su discurso ante la Convenci\u00f3n, que se re\u00fane en <a href=\"https:\/\/paris-promeneurs.com\/le-palais-des-tuileries\/\">las Tuller\u00edas<\/a>. En el comedor familiar, la se\u00f1ora Duplay dispone el frugal desayuno que le ha preparado a su hu\u00e9sped. Antes de salir a la calle se empolva la peluca y se acicala, como de costumbre. Su hermano <strong><a href=\"https:\/\/es.wikipedia.org\/wiki\/Augustin_Robespierre\">Agust\u00edn<\/a><\/strong> aguarda para acompa\u00f1arle al sal\u00f3n de sesiones&#8230;<\/p>\r\n<p style=\"text-align: justify\">\r\n\r\n<\/p>\r\n<p class=\"has-text-align-justify\" style=\"text-align: justify\">El historiador <strong>Colin Jones<\/strong> repasa minuto a minuto los \u00faltimos momentos del siniestro personaje. Y si bien hay muchas obras referidas a este convulso per\u00edodo de la historia francesa y europea, <strong><em><a href=\"https:\/\/www.abc.es\/historia\/ejecuto-pueblo-frances-robespierre-tras-quitarle-voz-20230608164817-nt.html\">La ca\u00edda de Robespierre<\/a><\/em><\/strong> constituye un relato intenso, bien documentado, que nos aproxima como ninguno a esas 24 horas decisivas que determinaron el futuro del movimiento que hoy conocemos como la <strong>Revoluci\u00f3n Francesa<\/strong>.<\/p>\r\n<p style=\"text-align: justify\">\r\n\r\n<\/p>\r\n<p class=\"has-text-align-justify\" style=\"text-align: justify\">&#8230;Sobre las 11:00 h. Robespierre abandona su domicilio, en el 366 de la Rue Saint-Honor\u00e9 de Par\u00eds, y camina despreocupadamente hacia la sede de la soberan\u00eda nacional. Se sabe el preferido de la masa, el \u00fanico capaz de interpretar los dictados de la ciudadan\u00eda. Y la ciudadan\u00eda pide sangre. Desde la <a href=\"https:\/\/es.wikipedia.org\/wiki\/Asamblea_Nacional_(Revoluci%C3%B3n_francesa)#:~:text=La%20Asamblea%20Nacional%20(en%20franc%C3%A9s,y%20la%20Asamblea%20Nacional%20Constituyente.\">Asamblea Nacional<\/a> ha promovido la redacci\u00f3n de la <strong><a href=\"https:\/\/www.newtral.es\/declaracion-de-los-derechos-del-hombre-y-del-ciudadano\/20190826\/\">Declaraci\u00f3n de los Derechos del Hombre y del Ciudadano<\/a><\/strong>. En s\u00edntesis, se trata de una proclama progresista por la igualdad, la libertad y contra la opresi\u00f3n. Sin embargo, ha sido el inspirador de la norma, el mismo Robespierre que se opon\u00eda fervorosamente a la pena de muerte (\u201cMatar a un hombre es cerrarle el camino para volver a la virtud\u00bb) el que ha dejado en suspenso las garant\u00edas de la <a href=\"https:\/\/es.wikipedia.org\/wiki\/Constituci%C3%B3n_francesa_de_1791\">Constituci\u00f3n de 1791<\/a> para consolidar el <a href=\"https:\/\/metahistoria.com\/novedades\/el-terror-en-la-revolucion-francesa\/\">r\u00e9gimen del Terror<\/a> contra pol\u00edticos, opositores, arist\u00f3cratas, librepensadores, religiosos, activistas, intelectuales, diputados, periodistas, sospechosos, esp\u00edas, profesionales, artistas, artesanos&#8230; Y, en definitiva, contra todo aquel disidente o supuesto disidente que caiga en desgracia o, simplemente, transite por un puente equivocado a la hora equivocada. El filo de <a href=\"https:\/\/historia.nationalgeographic.com.es\/a\/guillotina-invento-infernal-revolucion_8737\">la guillotina<\/a> hab\u00eda hecho las veces de depuradora social a una velocidad tal que la sangre derramada encharcaba perennemente la Plaza de la Revoluci\u00f3n (hoy Plaza de la Concordia). Pese a sus continuos cambios de opini\u00f3n, Robespierre se hab\u00eda asegurado la devoci\u00f3n del Tribunal de Justicia Revolucionario, dirigido por amigos y correligionarios sin escr\u00fapulos con ganas de ascenso social, la complicidad del club de <strong><a href=\"https:\/\/enciclopediadehistoria.com\/jacobinos\/\">los Jacobinos<\/a><\/strong>, una especie de partido pol\u00edtico que bendec\u00eda sin r\u00e9plica las iniquidades de <em>El Incorruptible<\/em>, y la fidelidad canina de un buen grupo de diputados de la Asamblea que cambiaban votos, v\u00edtores y aplausos por un buen trozo de tocino a la hora de comer y un salvoconducto temporal que les permit\u00eda conservar la cabeza y la peluca en su lugar habitual. \u00daltimamente, Robespierre estudiaba cambiar el culto tradicional por la veneraci\u00f3n al <em>Ser Supremo<\/em> con el que pretend\u00eda atajar el ate\u00edsmo, m\u00e1s propio de peligrosos ciudadanos cr\u00edticos que de las multitudes aborregadas que lo aclamaban. \u00bfQu\u00e9 pod\u00eda salir mal? Sin embargo, el d\u00eda anterior <em>El Incorruptible<\/em> hab\u00eda cometido un error garrafal: para granjearse el apoyo de ciertos grupos de la c\u00e1mara, proclama p\u00fablicamente que la Convenci\u00f3n es un nido de corrupci\u00f3n trufado de traidores, y apelando al pueblo como sol\u00eda, vaticina una purga inminente. Las advertencias de Robespierre ten\u00edan la costumbre de licuarse en torrentes de sangre, as\u00ed que no cayeron en saco roto: la velada amenaza se siente a izquierda y a derecha. El fantasma del ejecutado <a href=\"https:\/\/es.wikipedia.org\/wiki\/Georges-Jacques_Danton\">Danton<\/a> sobrevuela las bancadas de los representantes electos. Cunde el p\u00e1nico. En esos momentos, ni los ujieres de la c\u00e1mara tienen garantizada indemnidad en la macabra ceremonia de depuraci\u00f3n que se avecina. Durante una jornada tormentosa, la iniciativa de un grupo de diputados que tienen poco que perder alienta el pronunciamiento casi un\u00e1nime de la Convenci\u00f3n, que condena a toda la camarilla populista: Robespierre, el presidente del Tribunal Revolucionario Dumas y el at\u00f3nito portavoz, el joven <a href=\"https:\/\/es.wikipedia.org\/wiki\/Louis_de_Saint-Just\">Louis de Saint-Just<\/a>, que observa como grillado lo que est\u00e1 ocurriendo a su alrededor. Despu\u00e9s de un agitado movimiento de peones con la <a href=\"https:\/\/es.wikipedia.org\/wiki\/Comuna_de_Par%C3%ADs_(Revoluci%C3%B3n_francesa)\">Comuna de Par\u00eds<\/a>, los mecanismos burocr\u00e1ticos que sostuvieron los desmanes de Robespierre se vuelven en su contra: silenciado y humillado, vituperado por la turba que deb\u00eda liberarlo, se rinde finalmente ante <em>Mme. Guillotine<\/em> el 28 de julio de 1794, d\u00e9cima jornada de la primera d\u00e9cada de termidor, conocido como el<strong> D\u00eda de la Regadera<\/strong>.<\/p>\r\n","protected":false},"excerpt":{"rendered":"<p>Maximilien Robespierre (1758-1794). Retrato an\u00f3nimo. &nbsp; Aquella ma\u00f1ana del 27 de julio de 1794 (9 de termidor, seg\u00fan el calendario del amanecer republicano), Maximilien se levanta temprano tras conciliar un sue\u00f1o reparador. Ordena los papeles y ultima algunos flecos de su discurso ante la Convenci\u00f3n, que se re\u00fane en las Tuller\u00edas. En el comedor familiar, [&hellip;]<\/p>\n","protected":false},"author":55,"featured_media":0,"comment_status":"open","ping_status":"open","sticky":false,"template":"","format":"standard","meta":{"footnotes":""},"categories":[2,7,5],"tags":[],"class_list":["post-5058","post","type-post","status-publish","format-standard","hentry","category-atrapa-al-personaje","category-escribiendo-por-escribir","category-recomendaciones","post-preview"],"_links":{"self":[{"href":"https:\/\/edublog.educastur.es\/biblioluces\/wp-json\/wp\/v2\/posts\/5058","targetHints":{"allow":["GET"]}}],"collection":[{"href":"https:\/\/edublog.educastur.es\/biblioluces\/wp-json\/wp\/v2\/posts"}],"about":[{"href":"https:\/\/edublog.educastur.es\/biblioluces\/wp-json\/wp\/v2\/types\/post"}],"author":[{"embeddable":true,"href":"https:\/\/edublog.educastur.es\/biblioluces\/wp-json\/wp\/v2\/users\/55"}],"replies":[{"embeddable":true,"href":"https:\/\/edublog.educastur.es\/biblioluces\/wp-json\/wp\/v2\/comments?post=5058"}],"version-history":[{"count":19,"href":"https:\/\/edublog.educastur.es\/biblioluces\/wp-json\/wp\/v2\/posts\/5058\/revisions"}],"predecessor-version":[{"id":5102,"href":"https:\/\/edublog.educastur.es\/biblioluces\/wp-json\/wp\/v2\/posts\/5058\/revisions\/5102"}],"wp:attachment":[{"href":"https:\/\/edublog.educastur.es\/biblioluces\/wp-json\/wp\/v2\/media?parent=5058"}],"wp:term":[{"taxonomy":"category","embeddable":true,"href":"https:\/\/edublog.educastur.es\/biblioluces\/wp-json\/wp\/v2\/categories?post=5058"},{"taxonomy":"post_tag","embeddable":true,"href":"https:\/\/edublog.educastur.es\/biblioluces\/wp-json\/wp\/v2\/tags?post=5058"}],"curies":[{"name":"wp","href":"https:\/\/api.w.org\/{rel}","templated":true}]}}