{"id":652,"date":"2010-04-30T22:05:12","date_gmt":"2010-04-30T22:05:12","guid":{"rendered":"http:\/\/biblioluces.wordpress.com\/?p=652"},"modified":"2010-04-30T22:05:12","modified_gmt":"2010-04-30T22:05:12","slug":"vida-y-color","status":"publish","type":"post","link":"https:\/\/edublog.educastur.es\/biblioluces\/2010\/04\/30\/vida-y-color\/","title":{"rendered":"vida y color"},"content":{"rendered":"<p style=\"text-align:center\"><img loading=\"lazy\" decoding=\"async\" class=\"aligncenter size-full wp-image-653\" src=\"http:\/\/biblioluces.files.wordpress.com\/2010\/04\/cromo_vida_color.jpg\" alt=\"\" width=\"448\" height=\"593\" \/><\/p>\n<p style=\"text-align:justify\">Hace unas d\u00e9cadas (no demasiadas), cuando la televisi\u00f3n era tan solo una difusa ventana al mundo exterior y todav\u00eda no exist\u00edan los canales tem\u00e1ticos, los j\u00f3venes curiosos abrevaban su imaginaci\u00f3n en enciclopedias, libros ilustrados y \u00e1lbumes de estampas. Se editaron bastantes de estos \u00faltimos. En su mayor\u00eda, el propio \u00e1lbum ya era de por s\u00ed una complet\u00edsima fuente de datos sobre naturaleza, tecnolog\u00eda, deporte, arte, literatura\u2026 El coleccionista adquir\u00eda los cromos dentro de sobrecitos cerrados de a\u00a0<a href=\"http:\/\/es.wikipedia.org\/wiki\/Peseta\" target=\"_blank\" rel=\"noopener noreferrer\">peseta<\/a>, y con paciencia y dedicaci\u00f3n reun\u00eda los necesarios para iluminar las p\u00e1ginas de su \u00e1lbum al ritmo que marcaban la suerte y el bolsillo de cada cual. Entre hallazgos e intercambios, las estampas iban ocupando su lugar, otorgando en imagen lo que nos negaba la abundante y prolija informaci\u00f3n. \u00a0Uno de los que tuvo m\u00e1s amplia difusi\u00f3n fue\u00a0<span style=\"color:#008000\">VIDA Y COLOR<\/span>, de\u00a0<a href=\"http:\/\/es.wikipedia.org\/wiki\/1965\" target=\"_blank\" rel=\"noopener noreferrer\">1965<\/a>. El \u00e9xito de esta iniciativa patrocinada por\u00a0<em>\u00c1lbumes Espa\u00f1oles S.A.<\/em> determin\u00f3 la aparici\u00f3n de una segunda parte, all\u00e1 por\u00a0<a href=\"http:\/\/es.wikipedia.org\/wiki\/1968\" target=\"_blank\" rel=\"noopener noreferrer\">1968<\/a>. El colorido e ingenuidad de las ilustraciones, por lo dem\u00e1s certeramente ejecutadas, sirven a la filosof\u00eda del prologuista, que en la primera hoja describe el \u00e1lbum como \u201cun caleidoscopio, donde el ni\u00f1o, el joven y el adolescente, al coleccionarlo, ver\u00e1n desfilar y aprender\u00e1n esa variedad de cosas multiformes y bellas que hace la Naturaleza\u201d, para a\u00f1adir que \u201ccomprender la naturaleza, es vivir en mejor armon\u00eda con el mundo que nos rodea, y, sobre todo, con nosotros mismos\u201d. Puede llamar la atenci\u00f3n el hecho de que el amplio abanico de estampas zool\u00f3gicas y bot\u00e1nicas se complemente con ilustraciones de mujeres y hombres de diferentes etnias africanas y oce\u00e1nicas. Pero tengamos en cuenta que en la d\u00e9cada de los sesenta los \u00fanicos seres humanos de piel oscura reconocibles popularmente eran\u00a0<a href=\"http:\/\/es.wikipedia.org\/wiki\/Sidney_Poitier\" target=\"_blank\" rel=\"noopener noreferrer\">Sidney Poitier<\/a> y las ex\u00f3ticas comparsas de guerreros acelerados que aparec\u00edan en las pel\u00edculas de\u00a0<a href=\"http:\/\/es.wikipedia.org\/wiki\/Tarz%C3%A1n\" target=\"_blank\" rel=\"noopener noreferrer\">Tarz\u00e1n<\/a>. Para dar una idea de la recreaci\u00f3n respetuosa de lo que, por entonces, era una verdadera rareza, bajo el cromo del \u201cguerrero Tusi\u201d el texto reza as\u00ed: \u201cLos\u00a0<a href=\"http:\/\/es.wikipedia.org\/wiki\/Tutsi\" target=\"_blank\" rel=\"noopener noreferrer\">Tusis<\/a>, tambi\u00e9n llamados Watusis, se cuentan entre los individuos m\u00e1s majestuosos del orbe. Su grandiosa estatura, que a veces llega hasta los 2 metros y medio; su imponente fuerza, su regia prestancia, su nariz aquilina, hace suponer a los antrop\u00f3logos que descienden de los antiguos egipcios\u201d. Si est\u00e1s interesado en este ejemplar, lo tienes a tu disposici\u00f3n en la biblioteca\u2026 Eso s\u00ed, en formato digital\u2026 a no ser que nos proporciones el cromo 169, el anhelado\u00a0<a href=\"http:\/\/es.wikipedia.org\/wiki\/Aix_galericulata\" target=\"_blank\" rel=\"noopener noreferrer\">pato mandar\u00edn<\/a>, en cuyo caso tendr\u00e1s derecho a pasar veinticuatro horas en compa\u00f1\u00eda de este \u00e1lbum maravilloso con el que podr\u00e1s ilustrar, al menos por una noche, las p\u00e1ginas de tus sue\u00f1os.<\/p>\n","protected":false},"excerpt":{"rendered":"<p>Hace unas d\u00e9cadas (no demasiadas), cuando la televisi\u00f3n era tan solo una difusa ventana al mundo exterior y todav\u00eda no exist\u00edan los canales tem\u00e1ticos, los j\u00f3venes curiosos abrevaban su imaginaci\u00f3n en enciclopedias, libros ilustrados y \u00e1lbumes de estampas. Se editaron bastantes de estos \u00faltimos. En su mayor\u00eda, el propio \u00e1lbum ya era de por s\u00ed [&hellip;]<\/p>\n","protected":false},"author":55,"featured_media":0,"comment_status":"open","ping_status":"open","sticky":false,"template":"","format":"standard","meta":{"footnotes":""},"categories":[15],"tags":[],"class_list":["post-652","post","type-post","status-publish","format-standard","hentry","category-fondos-de-la-biblioteca","post-preview"],"_links":{"self":[{"href":"https:\/\/edublog.educastur.es\/biblioluces\/wp-json\/wp\/v2\/posts\/652","targetHints":{"allow":["GET"]}}],"collection":[{"href":"https:\/\/edublog.educastur.es\/biblioluces\/wp-json\/wp\/v2\/posts"}],"about":[{"href":"https:\/\/edublog.educastur.es\/biblioluces\/wp-json\/wp\/v2\/types\/post"}],"author":[{"embeddable":true,"href":"https:\/\/edublog.educastur.es\/biblioluces\/wp-json\/wp\/v2\/users\/55"}],"replies":[{"embeddable":true,"href":"https:\/\/edublog.educastur.es\/biblioluces\/wp-json\/wp\/v2\/comments?post=652"}],"version-history":[{"count":0,"href":"https:\/\/edublog.educastur.es\/biblioluces\/wp-json\/wp\/v2\/posts\/652\/revisions"}],"wp:attachment":[{"href":"https:\/\/edublog.educastur.es\/biblioluces\/wp-json\/wp\/v2\/media?parent=652"}],"wp:term":[{"taxonomy":"category","embeddable":true,"href":"https:\/\/edublog.educastur.es\/biblioluces\/wp-json\/wp\/v2\/categories?post=652"},{"taxonomy":"post_tag","embeddable":true,"href":"https:\/\/edublog.educastur.es\/biblioluces\/wp-json\/wp\/v2\/tags?post=652"}],"curies":[{"name":"wp","href":"https:\/\/api.w.org\/{rel}","templated":true}]}}