{"id":277,"date":"2023-03-05T01:13:34","date_gmt":"2023-03-05T01:13:34","guid":{"rendered":"https:\/\/edublog.educastur.es\/blogprueba\/?p=277"},"modified":"2023-04-06T20:43:09","modified_gmt":"2023-04-06T20:43:09","slug":"kamishibai-el-lobo-y-los-siete-cabritos","status":"publish","type":"post","link":"https:\/\/edublog.educastur.es\/blogprueba\/2023\/03\/05\/kamishibai-el-lobo-y-los-siete-cabritos\/","title":{"rendered":"KAMISHIBAI:  \u00abEl lobo y los siete cabritos\u00bb, cuento tradicional."},"content":{"rendered":"<p>Durante las dos \u00faltimas semanas hemos contado un cuento tradicional a los alumnos de Infantil (4\u00a0 y 5 a\u00f1os). Se trata de \u00abEl lobo y los siete cabritos\u00bb. La versi\u00f3n es de Ver\u00f3nica Uribe y las ilustraciones de Sabina \u00c1lvarez Sch\u00fcrmann.<\/p>\n<p><img loading=\"lazy\" decoding=\"async\" class=\"size-medium wp-image-278 aligncenter\" src=\"http:\/\/edublog.educastur.es\/blogprueba\/files\/2023\/03\/PRESENTACION-DEL-CUENTO-300x202.jpg\" alt=\"\" width=\"300\" height=\"202\" srcset=\"https:\/\/edublog.educastur.es\/blogprueba\/files\/2023\/03\/PRESENTACION-DEL-CUENTO-300x202.jpg 300w, https:\/\/edublog.educastur.es\/blogprueba\/files\/2023\/03\/PRESENTACION-DEL-CUENTO-360x242.jpg 360w, https:\/\/edublog.educastur.es\/blogprueba\/files\/2023\/03\/PRESENTACION-DEL-CUENTO.jpg 659w\" sizes=\"auto, (max-width: 300px) 100vw, 300px\" \/><\/p>\n<p>&nbsp;<\/p>\n","protected":false},"excerpt":{"rendered":"<p>Durante las dos \u00faltimas semanas hemos contado un cuento tradicional a los alumnos de Infantil (4\u00a0 y 5 a\u00f1os). Se trata de \u00abEl lobo y los siete cabritos\u00bb. La versi\u00f3n es de Ver\u00f3nica Uribe y las ilustraciones de Sabina \u00c1lvarez Sch\u00fcrmann. &nbsp;<\/p>\n","protected":false},"author":1181,"featured_media":0,"comment_status":"open","ping_status":"open","sticky":false,"template":"","format":"standard","meta":{"footnotes":""},"categories":[20],"tags":[17,19],"class_list":["post-277","post","type-post","status-publish","format-standard","hentry","category-animacion-a-la-lectura","tag-cuentos","tag-kamishibais","without-featured-image"],"_links":{"self":[{"href":"https:\/\/edublog.educastur.es\/blogprueba\/wp-json\/wp\/v2\/posts\/277","targetHints":{"allow":["GET"]}}],"collection":[{"href":"https:\/\/edublog.educastur.es\/blogprueba\/wp-json\/wp\/v2\/posts"}],"about":[{"href":"https:\/\/edublog.educastur.es\/blogprueba\/wp-json\/wp\/v2\/types\/post"}],"author":[{"embeddable":true,"href":"https:\/\/edublog.educastur.es\/blogprueba\/wp-json\/wp\/v2\/users\/1181"}],"replies":[{"embeddable":true,"href":"https:\/\/edublog.educastur.es\/blogprueba\/wp-json\/wp\/v2\/comments?post=277"}],"version-history":[{"count":8,"href":"https:\/\/edublog.educastur.es\/blogprueba\/wp-json\/wp\/v2\/posts\/277\/revisions"}],"predecessor-version":[{"id":355,"href":"https:\/\/edublog.educastur.es\/blogprueba\/wp-json\/wp\/v2\/posts\/277\/revisions\/355"}],"wp:attachment":[{"href":"https:\/\/edublog.educastur.es\/blogprueba\/wp-json\/wp\/v2\/media?parent=277"}],"wp:term":[{"taxonomy":"category","embeddable":true,"href":"https:\/\/edublog.educastur.es\/blogprueba\/wp-json\/wp\/v2\/categories?post=277"},{"taxonomy":"post_tag","embeddable":true,"href":"https:\/\/edublog.educastur.es\/blogprueba\/wp-json\/wp\/v2\/tags?post=277"}],"curies":[{"name":"wp","href":"https:\/\/api.w.org\/{rel}","templated":true}]}}