{"id":296,"date":"2023-03-07T21:27:17","date_gmt":"2023-03-07T21:27:17","guid":{"rendered":"https:\/\/edublog.educastur.es\/blogprueba\/?p=296"},"modified":"2023-03-07T21:27:17","modified_gmt":"2023-03-07T21:27:17","slug":"dia-de-la-mujer-lo-conmemoramos-a-traves-de-los-libros","status":"publish","type":"post","link":"https:\/\/edublog.educastur.es\/blogprueba\/2023\/03\/07\/dia-de-la-mujer-lo-conmemoramos-a-traves-de-los-libros\/","title":{"rendered":"D\u00cdA DE LA MUJER: Lo conmemoramos a trav\u00e9s de los libros."},"content":{"rendered":"<p>El 8 de marzo, se celebra el D\u00eda de la Mujer. Se trata de una fecha importante porque hay que seguir luchando por la igualdad. Desde la biblioteca nos unimos a la causa de la mejor manera posible, \u00a1CON LIBROS! En la siguiente imagen os mostramos algunos de los que pod\u00e9is encontrar en nuestra biblio y que tratan temas relacionados con esta conmemoraci\u00f3n (biograf\u00edas, rompiendo estereotipos, igualdad de g\u00e9nero, etc.). Os esperamos.<\/p>\n<p><img loading=\"lazy\" decoding=\"async\" class=\"aligncenter wp-image-297 size-medium\" src=\"http:\/\/edublog.educastur.es\/blogprueba\/files\/2023\/03\/IMG-20230307-WA0003-e1678224273534-300x225.jpg\" alt=\"\" width=\"300\" height=\"225\" srcset=\"https:\/\/edublog.educastur.es\/blogprueba\/files\/2023\/03\/IMG-20230307-WA0003-e1678224273534-300x225.jpg 300w, https:\/\/edublog.educastur.es\/blogprueba\/files\/2023\/03\/IMG-20230307-WA0003-e1678224273534-1024x768.jpg 1024w, https:\/\/edublog.educastur.es\/blogprueba\/files\/2023\/03\/IMG-20230307-WA0003-e1678224273534-768x576.jpg 768w, https:\/\/edublog.educastur.es\/blogprueba\/files\/2023\/03\/IMG-20230307-WA0003-e1678224273534-1536x1152.jpg 1536w, https:\/\/edublog.educastur.es\/blogprueba\/files\/2023\/03\/IMG-20230307-WA0003-e1678224273534.jpg 1600w\" sizes=\"auto, (max-width: 300px) 100vw, 300px\" \/><\/p>\n","protected":false},"excerpt":{"rendered":"<p>El 8 de marzo, se celebra el D\u00eda de la Mujer. Se trata de una fecha importante porque hay que seguir luchando por la igualdad. Desde la biblioteca nos unimos a la causa de la mejor manera posible, \u00a1CON LIBROS! En la siguiente imagen os mostramos algunos de los que pod\u00e9is encontrar en nuestra biblio&hellip; <a href=\"https:\/\/edublog.educastur.es\/blogprueba\/2023\/03\/07\/dia-de-la-mujer-lo-conmemoramos-a-traves-de-los-libros\/\" class=\"more-link\">Seguir leyendo <span class=\"screen-reader-text\">D\u00cdA DE LA MUJER: Lo conmemoramos a trav\u00e9s de los libros.<\/span><\/a><\/p>\n","protected":false},"author":1181,"featured_media":0,"comment_status":"open","ping_status":"open","sticky":false,"template":"","format":"standard","meta":{"footnotes":""},"categories":[14],"tags":[16],"class_list":["post-296","post","type-post","status-publish","format-standard","hentry","category-efemerides","tag-libros","without-featured-image"],"_links":{"self":[{"href":"https:\/\/edublog.educastur.es\/blogprueba\/wp-json\/wp\/v2\/posts\/296","targetHints":{"allow":["GET"]}}],"collection":[{"href":"https:\/\/edublog.educastur.es\/blogprueba\/wp-json\/wp\/v2\/posts"}],"about":[{"href":"https:\/\/edublog.educastur.es\/blogprueba\/wp-json\/wp\/v2\/types\/post"}],"author":[{"embeddable":true,"href":"https:\/\/edublog.educastur.es\/blogprueba\/wp-json\/wp\/v2\/users\/1181"}],"replies":[{"embeddable":true,"href":"https:\/\/edublog.educastur.es\/blogprueba\/wp-json\/wp\/v2\/comments?post=296"}],"version-history":[{"count":1,"href":"https:\/\/edublog.educastur.es\/blogprueba\/wp-json\/wp\/v2\/posts\/296\/revisions"}],"predecessor-version":[{"id":298,"href":"https:\/\/edublog.educastur.es\/blogprueba\/wp-json\/wp\/v2\/posts\/296\/revisions\/298"}],"wp:attachment":[{"href":"https:\/\/edublog.educastur.es\/blogprueba\/wp-json\/wp\/v2\/media?parent=296"}],"wp:term":[{"taxonomy":"category","embeddable":true,"href":"https:\/\/edublog.educastur.es\/blogprueba\/wp-json\/wp\/v2\/categories?post=296"},{"taxonomy":"post_tag","embeddable":true,"href":"https:\/\/edublog.educastur.es\/blogprueba\/wp-json\/wp\/v2\/tags?post=296"}],"curies":[{"name":"wp","href":"https:\/\/api.w.org\/{rel}","templated":true}]}}