{"id":390,"date":"2023-11-07T19:05:07","date_gmt":"2023-11-07T19:05:07","guid":{"rendered":"https:\/\/edublog.educastur.es\/blogprueba\/?p=390"},"modified":"2024-01-09T18:46:31","modified_gmt":"2024-01-09T18:46:31","slug":"sahar-despierta-expocuento-del-mes-de-noviembre-de-2023","status":"publish","type":"post","link":"https:\/\/edublog.educastur.es\/blogprueba\/2023\/11\/07\/sahar-despierta-expocuento-del-mes-de-noviembre-de-2023\/","title":{"rendered":"\u00ab\u00a1Sahar, despierta!\u00bb. Expocuento del mes de noviembre de 2023."},"content":{"rendered":"<p>A lo largo de este mes pod\u00e9is ver en nuestra biblioteca el cuento \u00ab\u00a1Sahar, despierta!\u00bb. Su autora es Anna Tortajada y su ilustrador es Antonio Acebal.<\/p>\n<p>Sahar, una ni\u00f1a afgana, tuvo que huir con su madre de su pa\u00eds, pues quienes gobernaban impon\u00edan una dictadura asfixiante y cruel. Vivi\u00f3 en la tristeza de un campo de refugiados. Al ser expulsados los dictadores, regresa a su pa\u00eds.<\/p>\n<p><strong>Quienes deseen conocer la vida de Sahar tendr\u00e1n que venir a la biblioteca del cole.<\/strong><\/p>\n<p><strong>OS ESPERAMOS.<\/strong><\/p>\n<p><img loading=\"lazy\" decoding=\"async\" class=\"size-medium wp-image-391 aligncenter\" src=\"http:\/\/edublog.educastur.es\/blogprueba\/files\/2023\/11\/Sahar-despierta-234x300.png\" alt=\"\" width=\"234\" height=\"300\" srcset=\"https:\/\/edublog.educastur.es\/blogprueba\/files\/2023\/11\/Sahar-despierta-234x300.png 234w, https:\/\/edublog.educastur.es\/blogprueba\/files\/2023\/11\/Sahar-despierta.png 342w\" sizes=\"auto, (max-width: 234px) 100vw, 234px\" \/><\/p>\n","protected":false},"excerpt":{"rendered":"<p>A lo largo de este mes pod\u00e9is ver en nuestra biblioteca el cuento \u00ab\u00a1Sahar, despierta!\u00bb. Su autora es Anna Tortajada y su ilustrador es Antonio Acebal. Sahar, una ni\u00f1a afgana, tuvo que huir con su madre de su pa\u00eds, pues quienes gobernaban impon\u00edan una dictadura asfixiante y cruel. Vivi\u00f3 en la tristeza de un campo&hellip; <a href=\"https:\/\/edublog.educastur.es\/blogprueba\/2023\/11\/07\/sahar-despierta-expocuento-del-mes-de-noviembre-de-2023\/\" class=\"more-link\">Seguir leyendo <span class=\"screen-reader-text\">\u00ab\u00a1Sahar, despierta!\u00bb. Expocuento del mes de noviembre de 2023.<\/span><\/a><\/p>\n","protected":false},"author":1181,"featured_media":0,"comment_status":"open","ping_status":"open","sticky":false,"template":"","format":"standard","meta":{"footnotes":""},"categories":[23],"tags":[18,17],"class_list":["post-390","post","type-post","status-publish","format-standard","hentry","category-exposiciones","tag-albumes-ilustrados","tag-cuentos","without-featured-image"],"_links":{"self":[{"href":"https:\/\/edublog.educastur.es\/blogprueba\/wp-json\/wp\/v2\/posts\/390","targetHints":{"allow":["GET"]}}],"collection":[{"href":"https:\/\/edublog.educastur.es\/blogprueba\/wp-json\/wp\/v2\/posts"}],"about":[{"href":"https:\/\/edublog.educastur.es\/blogprueba\/wp-json\/wp\/v2\/types\/post"}],"author":[{"embeddable":true,"href":"https:\/\/edublog.educastur.es\/blogprueba\/wp-json\/wp\/v2\/users\/1181"}],"replies":[{"embeddable":true,"href":"https:\/\/edublog.educastur.es\/blogprueba\/wp-json\/wp\/v2\/comments?post=390"}],"version-history":[{"count":3,"href":"https:\/\/edublog.educastur.es\/blogprueba\/wp-json\/wp\/v2\/posts\/390\/revisions"}],"predecessor-version":[{"id":394,"href":"https:\/\/edublog.educastur.es\/blogprueba\/wp-json\/wp\/v2\/posts\/390\/revisions\/394"}],"wp:attachment":[{"href":"https:\/\/edublog.educastur.es\/blogprueba\/wp-json\/wp\/v2\/media?parent=390"}],"wp:term":[{"taxonomy":"category","embeddable":true,"href":"https:\/\/edublog.educastur.es\/blogprueba\/wp-json\/wp\/v2\/categories?post=390"},{"taxonomy":"post_tag","embeddable":true,"href":"https:\/\/edublog.educastur.es\/blogprueba\/wp-json\/wp\/v2\/tags?post=390"}],"curies":[{"name":"wp","href":"https:\/\/api.w.org\/{rel}","templated":true}]}}