{"id":458,"date":"2024-04-28T18:07:41","date_gmt":"2024-04-28T18:07:41","guid":{"rendered":"https:\/\/edublog.educastur.es\/blogprueba\/?p=458"},"modified":"2024-04-29T15:53:31","modified_gmt":"2024-04-29T15:53:31","slug":"dia-del-libro-rincon-de-biblioteca-sobre-el-mar-y-lectura-de-moby-dick","status":"publish","type":"post","link":"https:\/\/edublog.educastur.es\/blogprueba\/2024\/04\/28\/dia-del-libro-rincon-de-biblioteca-sobre-el-mar-y-lectura-de-moby-dick\/","title":{"rendered":"D\u00eda del Libro: Rinc\u00f3n de biblioteca sobre el mar y lecturas de Moby Dick"},"content":{"rendered":"<p>El 23 de abril celebramos el D\u00eda del Libro. Hemos vinculado esta efem\u00e9ride con el proyecto de Centro y la Semana Cultural (del 22 al 26 de abril). Durante este curso est\u00e1 relacionado con\u00a0 sostenibilidad, energ\u00edas renovables,\u00a0 inteligencia artificial y\u00a0 rob\u00f3tica. Por ello decidimos centrarnos, desde la biblioteca, en el mar.<\/p>\n<p>Laura (Llingua) mont\u00f3 un rinc\u00f3n para exponer libros sobre esta tem\u00e1tica. Adem\u00e1s, se llevaron a cabo otras actividades: Un cuentacuentos y la grabaci\u00f3n de un podcast con ayuda de Raquel (Tic), ambas tareas consistentes en adaptaciones de la novela \u00abMoby Dick\u00bb, escrita por Herman Melville en 1851.<\/p>\n<p>Damos las gracias a los alumnos de 4\u00ba (Mar\u00eda, Leire, Ana y Carlota) y 6\u00ba (Luc\u00eda y Nacho) que intervinieron en la grabaci\u00f3n del podcast por su participaci\u00f3n y su inter\u00e9s. \u00a1Buen trabajo, chicos!<\/p>\n<p><a href=\"https:\/\/educastur-my.sharepoint.com\/:u:\/g\/personal\/raquelma_educastur_org\/EXXi4s9A5w9OpVpXfoCbsy0B80yO4-5JhpWjBE1oukQuZw?e=BKwgOp\">Enlace al podcast<\/a><\/p>\n<p><img loading=\"lazy\" decoding=\"async\" class=\"aligncenter wp-image-461 size-full\" src=\"http:\/\/edublog.educastur.es\/blogprueba\/files\/2024\/04\/Collage-definitivo.jpg\" alt=\"\" width=\"540\" height=\"540\" srcset=\"https:\/\/edublog.educastur.es\/blogprueba\/files\/2024\/04\/Collage-definitivo.jpg 540w, https:\/\/edublog.educastur.es\/blogprueba\/files\/2024\/04\/Collage-definitivo-300x300.jpg 300w, https:\/\/edublog.educastur.es\/blogprueba\/files\/2024\/04\/Collage-definitivo-150x150.jpg 150w, https:\/\/edublog.educastur.es\/blogprueba\/files\/2024\/04\/Collage-definitivo-180x180.jpg 180w\" sizes=\"auto, (max-width: 540px) 100vw, 540px\" \/><\/p>\n","protected":false},"excerpt":{"rendered":"<p>El 23 de abril celebramos el D\u00eda del Libro. Hemos vinculado esta efem\u00e9ride con el proyecto de Centro y la Semana Cultural (del 22 al 26 de abril). Durante este curso est\u00e1 relacionado con\u00a0 sostenibilidad, energ\u00edas renovables,\u00a0 inteligencia artificial y\u00a0 rob\u00f3tica. Por ello decidimos centrarnos, desde la biblioteca, en el mar. Laura (Llingua) mont\u00f3 un&hellip; <a href=\"https:\/\/edublog.educastur.es\/blogprueba\/2024\/04\/28\/dia-del-libro-rincon-de-biblioteca-sobre-el-mar-y-lectura-de-moby-dick\/\" class=\"more-link\">Seguir leyendo <span class=\"screen-reader-text\">D\u00eda del Libro: Rinc\u00f3n de biblioteca sobre el mar y lecturas de Moby Dick<\/span><\/a><\/p>\n","protected":false},"author":1181,"featured_media":0,"comment_status":"open","ping_status":"open","sticky":false,"template":"","format":"standard","meta":{"footnotes":""},"categories":[14,23],"tags":[16,29],"class_list":["post-458","post","type-post","status-publish","format-standard","hentry","category-efemerides","category-exposiciones","tag-libros","tag-podcasts","without-featured-image"],"_links":{"self":[{"href":"https:\/\/edublog.educastur.es\/blogprueba\/wp-json\/wp\/v2\/posts\/458","targetHints":{"allow":["GET"]}}],"collection":[{"href":"https:\/\/edublog.educastur.es\/blogprueba\/wp-json\/wp\/v2\/posts"}],"about":[{"href":"https:\/\/edublog.educastur.es\/blogprueba\/wp-json\/wp\/v2\/types\/post"}],"author":[{"embeddable":true,"href":"https:\/\/edublog.educastur.es\/blogprueba\/wp-json\/wp\/v2\/users\/1181"}],"replies":[{"embeddable":true,"href":"https:\/\/edublog.educastur.es\/blogprueba\/wp-json\/wp\/v2\/comments?post=458"}],"version-history":[{"count":8,"href":"https:\/\/edublog.educastur.es\/blogprueba\/wp-json\/wp\/v2\/posts\/458\/revisions"}],"predecessor-version":[{"id":467,"href":"https:\/\/edublog.educastur.es\/blogprueba\/wp-json\/wp\/v2\/posts\/458\/revisions\/467"}],"wp:attachment":[{"href":"https:\/\/edublog.educastur.es\/blogprueba\/wp-json\/wp\/v2\/media?parent=458"}],"wp:term":[{"taxonomy":"category","embeddable":true,"href":"https:\/\/edublog.educastur.es\/blogprueba\/wp-json\/wp\/v2\/categories?post=458"},{"taxonomy":"post_tag","embeddable":true,"href":"https:\/\/edublog.educastur.es\/blogprueba\/wp-json\/wp\/v2\/tags?post=458"}],"curies":[{"name":"wp","href":"https:\/\/api.w.org\/{rel}","templated":true}]}}