{"id":104,"date":"2021-12-09T11:22:51","date_gmt":"2021-12-09T11:22:51","guid":{"rendered":"https:\/\/edublog.educastur.es\/ciclodependenciavegadeo\/?p=104"},"modified":"2021-12-09T11:22:51","modified_gmt":"2021-12-09T11:22:51","slug":"examen-de-caracteristicas","status":"publish","type":"post","link":"https:\/\/edublog.educastur.es\/ciclodependenciavegadeo\/2021\/12\/09\/examen-de-caracteristicas\/","title":{"rendered":"Examen de Caracter\u00edsticas"},"content":{"rendered":"<p>El examen trimestral del m\u00f3dulo <em>Caracter\u00edsticas y necesidades de las personas en situaci\u00f3n de dependencia<\/em> para el alumnado al que no se le puede aplicar los criterios de evaluaci\u00f3n continua, constar\u00e1 de los siguientes temas:<\/p>\n<p style=\"text-align: left\" align=\"center\"><strong>Tema 1 <em>Psicolog\u00eda y necesidades de la persona<\/em><\/strong><\/p>\n<p style=\"text-align: left\" align=\"center\"><strong>Tema 2 <em>Autonom\u00eda y dependencia<\/em><\/strong><\/p>\n<p style=\"text-align: left\" align=\"center\"><strong>Tema 3 <em>Calidad de vida y promoci\u00f3n de la autonom\u00eda personal<\/em><\/strong><\/p>\n<p style=\"text-align: left\" align=\"center\">El examen tendr\u00e1 lugar el <strong>mi\u00e9rcoles 15 de diciembre <\/strong>a las <strong>8.30hs.<\/strong> en el <strong>aula 14<\/strong>.<\/p>\n","protected":false},"excerpt":{"rendered":"<p>El examen trimestral del m\u00f3dulo Caracter\u00edsticas y necesidades de las personas en situaci\u00f3n de dependencia para el alumnado al que no se le puede aplicar los criterios de evaluaci\u00f3n continua, constar\u00e1 de los siguientes temas: Tema 1 Psicolog\u00eda y necesidades de la persona Tema 2 Autonom\u00eda y dependencia Tema 3 Calidad de vida y promoci\u00f3n [&hellip;]<\/p>\n","protected":false},"author":418,"featured_media":0,"comment_status":"open","ping_status":"open","sticky":false,"template":"","format":"standard","meta":{"footnotes":""},"categories":[1],"tags":[],"class_list":["post-104","post","type-post","status-publish","format-standard","hentry","category-sin-categoria"],"_links":{"self":[{"href":"https:\/\/edublog.educastur.es\/ciclodependenciavegadeo\/wp-json\/wp\/v2\/posts\/104","targetHints":{"allow":["GET"]}}],"collection":[{"href":"https:\/\/edublog.educastur.es\/ciclodependenciavegadeo\/wp-json\/wp\/v2\/posts"}],"about":[{"href":"https:\/\/edublog.educastur.es\/ciclodependenciavegadeo\/wp-json\/wp\/v2\/types\/post"}],"author":[{"embeddable":true,"href":"https:\/\/edublog.educastur.es\/ciclodependenciavegadeo\/wp-json\/wp\/v2\/users\/418"}],"replies":[{"embeddable":true,"href":"https:\/\/edublog.educastur.es\/ciclodependenciavegadeo\/wp-json\/wp\/v2\/comments?post=104"}],"version-history":[{"count":2,"href":"https:\/\/edublog.educastur.es\/ciclodependenciavegadeo\/wp-json\/wp\/v2\/posts\/104\/revisions"}],"predecessor-version":[{"id":106,"href":"https:\/\/edublog.educastur.es\/ciclodependenciavegadeo\/wp-json\/wp\/v2\/posts\/104\/revisions\/106"}],"wp:attachment":[{"href":"https:\/\/edublog.educastur.es\/ciclodependenciavegadeo\/wp-json\/wp\/v2\/media?parent=104"}],"wp:term":[{"taxonomy":"category","embeddable":true,"href":"https:\/\/edublog.educastur.es\/ciclodependenciavegadeo\/wp-json\/wp\/v2\/categories?post=104"},{"taxonomy":"post_tag","embeddable":true,"href":"https:\/\/edublog.educastur.es\/ciclodependenciavegadeo\/wp-json\/wp\/v2\/tags?post=104"}],"curies":[{"name":"wp","href":"https:\/\/api.w.org\/{rel}","templated":true}]}}