{"id":275,"date":"2024-11-29T10:03:06","date_gmt":"2024-11-29T10:03:06","guid":{"rendered":"https:\/\/edublog.educastur.es\/ciclodependenciavegadeo\/?p=275"},"modified":"2024-11-29T10:03:06","modified_gmt":"2024-11-29T10:03:06","slug":"xii-semana-de-la-capacidad","status":"publish","type":"post","link":"https:\/\/edublog.educastur.es\/ciclodependenciavegadeo\/2024\/11\/29\/xii-semana-de-la-capacidad\/","title":{"rendered":"XII Semana de la Capacidad"},"content":{"rendered":"<p>Un curso m\u00e1s, los Departamentos de Servicios Socioculturales y a la Comunidad y de Orientaci\u00f3n del Instituto, organizamos unas actividades coincidiendo con el <em>D\u00eda Internacional de las Personas con Discapacidad<\/em>, que se celebra el 3 de diciembre. Os dejamos el programa de actividades.<a href=\"https:\/\/edublog.educastur.es\/ciclodependenciavegadeo\/files\/2024\/11\/XII-semana-de-la-capacidad.pdf\" class=\"pdfemb-viewer\" style=\"\" data-width=\"max\" data-height=\"max\" data-toolbar=\"bottom\" data-toolbar-fixed=\"off\">XII semana de la capacidad<\/a><\/p>\n","protected":false},"excerpt":{"rendered":"<p>Un curso m\u00e1s, los Departamentos de Servicios Socioculturales y a la Comunidad y de Orientaci\u00f3n del Instituto, organizamos unas actividades coincidiendo con el D\u00eda Internacional de las Personas con Discapacidad, que se celebra el 3 de diciembre. Os dejamos el programa de actividades.<\/p>\n","protected":false},"author":418,"featured_media":0,"comment_status":"open","ping_status":"open","sticky":false,"template":"","format":"standard","meta":{"footnotes":""},"categories":[1],"tags":[],"class_list":["post-275","post","type-post","status-publish","format-standard","hentry","category-sin-categoria"],"_links":{"self":[{"href":"https:\/\/edublog.educastur.es\/ciclodependenciavegadeo\/wp-json\/wp\/v2\/posts\/275","targetHints":{"allow":["GET"]}}],"collection":[{"href":"https:\/\/edublog.educastur.es\/ciclodependenciavegadeo\/wp-json\/wp\/v2\/posts"}],"about":[{"href":"https:\/\/edublog.educastur.es\/ciclodependenciavegadeo\/wp-json\/wp\/v2\/types\/post"}],"author":[{"embeddable":true,"href":"https:\/\/edublog.educastur.es\/ciclodependenciavegadeo\/wp-json\/wp\/v2\/users\/418"}],"replies":[{"embeddable":true,"href":"https:\/\/edublog.educastur.es\/ciclodependenciavegadeo\/wp-json\/wp\/v2\/comments?post=275"}],"version-history":[{"count":2,"href":"https:\/\/edublog.educastur.es\/ciclodependenciavegadeo\/wp-json\/wp\/v2\/posts\/275\/revisions"}],"predecessor-version":[{"id":278,"href":"https:\/\/edublog.educastur.es\/ciclodependenciavegadeo\/wp-json\/wp\/v2\/posts\/275\/revisions\/278"}],"wp:attachment":[{"href":"https:\/\/edublog.educastur.es\/ciclodependenciavegadeo\/wp-json\/wp\/v2\/media?parent=275"}],"wp:term":[{"taxonomy":"category","embeddable":true,"href":"https:\/\/edublog.educastur.es\/ciclodependenciavegadeo\/wp-json\/wp\/v2\/categories?post=275"},{"taxonomy":"post_tag","embeddable":true,"href":"https:\/\/edublog.educastur.es\/ciclodependenciavegadeo\/wp-json\/wp\/v2\/tags?post=275"}],"curies":[{"name":"wp","href":"https:\/\/api.w.org\/{rel}","templated":true}]}}